{"id":996,"date":"2014-03-30T11:35:32","date_gmt":"2014-03-30T17:35:32","guid":{"rendered":"http:\/\/www.vko.cz\/VKOweb\/?p=996"},"modified":"2014-03-30T11:35:32","modified_gmt":"2014-03-30T17:35:32","slug":"vitezny-vikend-bratri-lacinu","status":"publish","type":"post","link":"http:\/\/www.vko.cz\/VKOweb\/vitezny-vikend-bratri-lacinu\/","title":{"rendered":"V\u00edt\u011bzn\u00fd v\u00edkend brat\u0159\u00ed Lacin\u016f"},"content":{"rendered":"<p>29.3. \u00a0jsme se z\u00fa\u010dastnili nult\u00e9ho ro\u010dn\u00edku b\u011bhu na \u010cerve\u0148\u00e1k. Absolutn\u00edm v\u00edt\u011bzem se stal Honza Lacina.<br \/>\n<a href=\"http:\/\/http:\/\/www.cervenak-rozhledna.cz\/news\/vysledky-behu-do-vrchu-\/\"><\/a><\/p>\n<p><a href=\"http:\/\/http:\/\/www.cervenak-rozhledna.cz\/news\/vysledky-behu-do-vrchu-\/\"> <\/a><\/p>\n<p><a href=\"http:\/\/http:\/\/www.cervenak-rozhledna.cz\/news\/vysledky-behu-do-vrchu-\/\">\/http:\/\/www.cervenak-rozhledna.cz\/news\/vysledky-behu-do-vrchu-\/<\/a><\/p>\n<p><a href=\"http:\/\/vko1883.rajce.idnes.cz\/Cervenak_nulty_rocnik_2014\/\">http:\/\/vko1883.rajce.idnes.cz\/Cervenak_nulty_rocnik_2014\/<\/a><\/p>\n<p>30.3. vyrazila dorosteneck\u00e1 skupina vesla\u0159\u016f na memori\u00e1l Miroslava \u0160edy. Na Vltav\u011b se poda\u0159ilo <strong>zv\u00edt\u011bzit Martinovi Lacinovi<\/strong>. T\u0159et\u00ed m\u00edsta obsadily dvojky bez kormideln\u00edka kde veslovali Pert Bl\u00e1ha , Honza Le\u0161ko a Ivana Ka\u0161kov\u00e1, B\u00e1ra Tr\u00e1vn\u00ed\u010dkov\u00e1.<\/p>\n<p><a href=\"http:\/\/\">http:\/\/vko1883.rajce.idnes.cz\/Seda_2014\/<\/a><\/p>\n","protected":false},"excerpt":{"rendered":"<p>29.3. \u00a0jsme se z\u00fa\u010dastnili nult\u00e9ho ro\u010dn\u00edku b\u011bhu na \u010cerve\u0148\u00e1k. Absolutn\u00edm v\u00edt\u011bzem se stal Honza Lacina. \/http:\/\/www.cervenak-rozhledna.cz\/news\/vysledky-behu-do-vrchu-\/ http:\/\/vko1883.rajce.idnes.cz\/Cervenak_nulty_rocnik_2014\/ 30.3. vyrazila dorosteneck\u00e1 skupina vesla\u0159\u016f na memori\u00e1l Miroslava \u0160edy. Na Vltav\u011b se poda\u0159ilo zv\u00edt\u011bzit Martinovi Lacinovi. T\u0159et\u00ed m\u00edsta<a class=\"read-more\" href=\"http:\/\/www.vko.cz\/VKOweb\/vitezny-vikend-bratri-lacinu\/\">\u010d\u00edst d\u00e1le..<\/a><\/p>\n","protected":false},"author":5,"featured_media":0,"comment_status":"open","ping_status":"closed","sticky":false,"template":"","format":"standard","meta":{"footnotes":""},"categories":[5],"tags":[],"_links":{"self":[{"href":"http:\/\/www.vko.cz\/VKOweb\/wp-json\/wp\/v2\/posts\/996"}],"collection":[{"href":"http:\/\/www.vko.cz\/VKOweb\/wp-json\/wp\/v2\/posts"}],"about":[{"href":"http:\/\/www.vko.cz\/VKOweb\/wp-json\/wp\/v2\/types\/post"}],"author":[{"embeddable":true,"href":"http:\/\/www.vko.cz\/VKOweb\/wp-json\/wp\/v2\/users\/5"}],"replies":[{"embeddable":true,"href":"http:\/\/www.vko.cz\/VKOweb\/wp-json\/wp\/v2\/comments?post=996"}],"version-history":[{"count":1,"href":"http:\/\/www.vko.cz\/VKOweb\/wp-json\/wp\/v2\/posts\/996\/revisions"}],"predecessor-version":[{"id":1000,"href":"http:\/\/www.vko.cz\/VKOweb\/wp-json\/wp\/v2\/posts\/996\/revisions\/1000"}],"wp:attachment":[{"href":"http:\/\/www.vko.cz\/VKOweb\/wp-json\/wp\/v2\/media?parent=996"}],"wp:term":[{"taxonomy":"category","embeddable":true,"href":"http:\/\/www.vko.cz\/VKOweb\/wp-json\/wp\/v2\/categories?post=996"},{"taxonomy":"post_tag","embeddable":true,"href":"http:\/\/www.vko.cz\/VKOweb\/wp-json\/wp\/v2\/tags?post=996"}],"curies":[{"name":"wp","href":"https:\/\/api.w.org\/{rel}","templated":true}]}}