{"id":992,"date":"2014-02-25T00:18:59","date_gmt":"2014-02-25T06:18:59","guid":{"rendered":"http:\/\/www.vko.cz\/VKOweb\/?p=992"},"modified":"2014-02-25T00:18:59","modified_gmt":"2014-02-25T06:18:59","slug":"tyden-v-jizerkach-na-snehu","status":"publish","type":"post","link":"http:\/\/www.vko.cz\/VKOweb\/tyden-v-jizerkach-na-snehu\/","title":{"rendered":"T\u00fdden v Jizerk\u00e1ch na sn\u011bhu."},"content":{"rendered":"<p>Jarn\u00ed pr\u00e1zdniny jsme tr\u00e1vili na ly\u017e\u00edch v Jizerk\u00e1ch.<br \/>\nfoto: <a href=\"http:\/\/vko1883.rajce.idnes.cz\/Barborka_ll_2014\/\">http:\/\/vko1883.rajce.idnes.cz\/Barborka_ll_2014\/<\/a><\/p>\n","protected":false},"excerpt":{"rendered":"<p>Jarn\u00ed pr\u00e1zdniny jsme tr\u00e1vili na ly\u017e\u00edch v Jizerk\u00e1ch. foto: http:\/\/vko1883.rajce.idnes.cz\/Barborka_ll_2014\/<\/p>\n","protected":false},"author":5,"featured_media":0,"comment_status":"open","ping_status":"closed","sticky":false,"template":"","format":"standard","meta":{"footnotes":""},"categories":[5],"tags":[],"_links":{"self":[{"href":"http:\/\/www.vko.cz\/VKOweb\/wp-json\/wp\/v2\/posts\/992"}],"collection":[{"href":"http:\/\/www.vko.cz\/VKOweb\/wp-json\/wp\/v2\/posts"}],"about":[{"href":"http:\/\/www.vko.cz\/VKOweb\/wp-json\/wp\/v2\/types\/post"}],"author":[{"embeddable":true,"href":"http:\/\/www.vko.cz\/VKOweb\/wp-json\/wp\/v2\/users\/5"}],"replies":[{"embeddable":true,"href":"http:\/\/www.vko.cz\/VKOweb\/wp-json\/wp\/v2\/comments?post=992"}],"version-history":[{"count":1,"href":"http:\/\/www.vko.cz\/VKOweb\/wp-json\/wp\/v2\/posts\/992\/revisions"}],"predecessor-version":[{"id":993,"href":"http:\/\/www.vko.cz\/VKOweb\/wp-json\/wp\/v2\/posts\/992\/revisions\/993"}],"wp:attachment":[{"href":"http:\/\/www.vko.cz\/VKOweb\/wp-json\/wp\/v2\/media?parent=992"}],"wp:term":[{"taxonomy":"category","embeddable":true,"href":"http:\/\/www.vko.cz\/VKOweb\/wp-json\/wp\/v2\/categories?post=992"},{"taxonomy":"post_tag","embeddable":true,"href":"http:\/\/www.vko.cz\/VKOweb\/wp-json\/wp\/v2\/tags?post=992"}],"curies":[{"name":"wp","href":"https:\/\/api.w.org\/{rel}","templated":true}]}}