{"id":975,"date":"2014-01-30T02:22:02","date_gmt":"2014-01-30T08:22:02","guid":{"rendered":"http:\/\/www.vko.cz\/VKOweb\/?p=975"},"modified":"2014-01-30T02:35:53","modified_gmt":"2014-01-30T08:35:53","slug":"cesky-pohar-v-jizde-na-veslarskem-trenazeru","status":"publish","type":"post","link":"http:\/\/www.vko.cz\/VKOweb\/cesky-pohar-v-jizde-na-veslarskem-trenazeru\/","title":{"rendered":"\u010cesk\u00fd poh\u00e1r v j\u00edzd\u011b na vesla\u0159sk\u00e9m trena\u017e\u00e9ru"},"content":{"rendered":"<p>25.1.2014 se jelo posledn\u00ed \u010dtvrt\u00e9 kolo poh\u00e1ru. Ve \u0160t\u011bt\u00ed bojovali pouze na\u0161i dorostenci. V pop\u0159ed\u00ed po\u010detn\u00e9ho startovn\u00edho pole se op\u011bt pohyboval Martin Lacina. Dovesloval na sedm\u00e9m m\u00edst\u011b. Celkov\u011b v bodov\u00e1n\u00ed poh\u00e1ru byl hodnocen na p\u00e1t\u00e9m m\u00edst\u011b. Martinovo osobn\u00ed maximum je osm\u00fd nejlep\u0161\u00ed \u010das dosa\u017een\u00fd mezi dorostenci. 16.2.2014 bude L\u00e1ca bojovat v \u00dast\u00ed nad Labem o republikovou medaili. Zbytek dorosteneck\u00e9ho t\u00fdmu se um\u00edstil v pr\u016fm\u011bru osmdes\u00e1ti \u010detn\u00e9ho startovn\u00edho pole. Pro p\u0159\u00ed\u0161t\u00ed sez\u00f3nu jsou velmi nad\u011bjn\u00e9 \u010dasy Honzy Le\u0161ka a Davida Neumanna, kte\u0159\u00ed spolu s Honzou H. a Petrem B. z\u016fst\u00e1vaj\u00ed v dorosteneck\u00e9 kategorii. Na\u0161e dorostenky Ivana K. a B\u00e1ra T. budou jist\u011b tak\u00e9 atakovat medailov\u00e9 pozice. Skv\u011bl\u00e9ho v\u00fdsledku dos\u00e1hnul tak\u00e9 Honza Lacina, kter\u00fd se v mu\u017e\u00edch lehk\u00e9 v\u00e1hy dostal pod sedmi minutouvou hranici.<br \/>\nv\u00fdsledky \u0160t\u011bt\u00ed: <a href=\"http:\/\/www.ceskeveslovani.cz\/iv-kolo-poharu-cr-2014-v-jide-na-veslarskem-trenazeru\/14096312\/vysledky_Steti_2014.xls\">http:\/\/www.ceskeveslovani.cz\/iv-kolo-poharu-cr-2014-v-jide-na-veslarskem-trenazeru\/14096312\/vysledky_Steti_2014.xls<\/a><\/p>\n<p>v\u00fdsledky poh\u00e1r :<a href=\"http:\/\/www.ceskeveslovani.cz\/pohar-cr-2013-2014-v-jizde-na-veslarskem-trenazeru-stav-po-ii-kole\/14118315\/hodnoceni_2013_-_2014.xls\">http:\/\/www.ceskeveslovani.cz\/pohar-cr-2013-2014-v-jizde-na-veslarskem-trenazeru-stav-po-ii-kole\/14118315\/hodnoceni_2013_-_2014.xls<\/a><\/p>\n","protected":false},"excerpt":{"rendered":"<p>25.1.2014 se jelo posledn\u00ed \u010dtvrt\u00e9 kolo poh\u00e1ru. Ve \u0160t\u011bt\u00ed bojovali pouze na\u0161i dorostenci. V pop\u0159ed\u00ed po\u010detn\u00e9ho startovn\u00edho pole se op\u011bt pohyboval Martin Lacina. Dovesloval na sedm\u00e9m m\u00edst\u011b. Celkov\u011b v bodov\u00e1n\u00ed poh\u00e1ru byl hodnocen na p\u00e1t\u00e9m<a class=\"read-more\" href=\"http:\/\/www.vko.cz\/VKOweb\/cesky-pohar-v-jizde-na-veslarskem-trenazeru\/\">\u010d\u00edst d\u00e1le..<\/a><\/p>\n","protected":false},"author":5,"featured_media":0,"comment_status":"open","ping_status":"closed","sticky":false,"template":"","format":"standard","meta":{"footnotes":""},"categories":[5],"tags":[],"_links":{"self":[{"href":"http:\/\/www.vko.cz\/VKOweb\/wp-json\/wp\/v2\/posts\/975"}],"collection":[{"href":"http:\/\/www.vko.cz\/VKOweb\/wp-json\/wp\/v2\/posts"}],"about":[{"href":"http:\/\/www.vko.cz\/VKOweb\/wp-json\/wp\/v2\/types\/post"}],"author":[{"embeddable":true,"href":"http:\/\/www.vko.cz\/VKOweb\/wp-json\/wp\/v2\/users\/5"}],"replies":[{"embeddable":true,"href":"http:\/\/www.vko.cz\/VKOweb\/wp-json\/wp\/v2\/comments?post=975"}],"version-history":[{"count":6,"href":"http:\/\/www.vko.cz\/VKOweb\/wp-json\/wp\/v2\/posts\/975\/revisions"}],"predecessor-version":[{"id":977,"href":"http:\/\/www.vko.cz\/VKOweb\/wp-json\/wp\/v2\/posts\/975\/revisions\/977"}],"wp:attachment":[{"href":"http:\/\/www.vko.cz\/VKOweb\/wp-json\/wp\/v2\/media?parent=975"}],"wp:term":[{"taxonomy":"category","embeddable":true,"href":"http:\/\/www.vko.cz\/VKOweb\/wp-json\/wp\/v2\/categories?post=975"},{"taxonomy":"post_tag","embeddable":true,"href":"http:\/\/www.vko.cz\/VKOweb\/wp-json\/wp\/v2\/tags?post=975"}],"curies":[{"name":"wp","href":"https:\/\/api.w.org\/{rel}","templated":true}]}}