{"id":967,"date":"2014-01-27T00:37:38","date_gmt":"2014-01-27T06:37:38","guid":{"rendered":"http:\/\/www.vko.cz\/VKOweb\/?p=967"},"modified":"2014-01-27T23:28:52","modified_gmt":"2014-01-28T05:28:52","slug":"veslarka-bara-jandova-privezla-z-kodane-bronzovou-medaili","status":"publish","type":"post","link":"http:\/\/www.vko.cz\/VKOweb\/veslarka-bara-jandova-privezla-z-kodane-bronzovou-medaili\/","title":{"rendered":"Vesla\u0159ka B\u00e1ra Jandov\u00e1 p\u0159ivezla z Kodan\u011b bronzovou medaili"},"content":{"rendered":"<div><span style=\"font-size: x-small\">B\u011bhem 6 dn\u016f se B\u00e1ra Jandov\u00e1 z\u00fa\u010dastnila podruh\u00e9 v\u00fdznamn\u00e9 sportovn\u00ed mezin\u00e1rodn\u00ed akce a op\u011bt p\u0159ivezla medaili. Po rakousk\u00e9m \u0161ampion\u00e1tu se z\u00fa\u010dastnila 11. otev\u0159en\u00e9ho mistrovstv\u00ed Evropy veslov\u00e1n\u00ed na trena\u017eeru, kter\u00e9 se konalo v d\u00e1nsk\u00e9 Kodani. Z p\u0159edch\u00e1zej\u00edc\u00edch z\u00e1vod\u016f byla zvykl\u00e1 z\u00e1vodit na 1000 metr\u016f, po\u0159adatel\u00e9 v\u0161ak pro leto\u0161ek vypsali pro ro\u010dn\u00edky 2000 z\u00e1vod na \u010dty\u0159i minuty. B\u00e1ra za tento \u010das naveslovala 1038 metr\u016f a obsadila t\u0159et\u00ed m\u00edsto za reprezentantkou N\u011bmecka a dom\u00e1c\u00ed D\u00e1nkou.<\/span><\/div>\n<p><span style=\"font-size: x-small\">Nyn\u00ed ji stejn\u011b jako dal\u0161\u00ed z\u00e1vodnice a z\u00e1vodn\u00edky Vesla\u0159sk\u00e9ho klubu Oh\u0159e \u010dek\u00e1 zbytek zimn\u00ed p\u0159\u00edpravy a na konci dubna prvn\u00ed z\u00e1vody na vod\u011b. N\u00e1ro\u010dn\u00e1 zimn\u00ed p\u0159\u00edprava pod veden\u00edm tren\u00e9rky Mark\u00e9ty Loulov\u00e9 je p\u0159\u00edslibem pro leto\u0161n\u00ed sezonu na vod\u011b. Cel\u00e1 tr\u00e9ninkov\u00e1 skupina si klade vysok\u00e9 c\u00edle a hodl\u00e1 se poprat o medaile v pr\u016fb\u011bhu vesla\u0159sk\u00e9 sez\u00f3ny, kter\u00e1 vyvrchol\u00ed na konci \u010dervna v nedalek\u00fdch Ra\u010dic\u00edch Mistrovstv\u00edm republiky \u017eactva a dorostu.<br \/>\nfoto: http:\/\/vko1883.rajce.idnes.cz\/Mistrovstvi_Evropy_Kodan\/#<\/p>\n<p>Autor: Jaroslav Janda, VKO<\/p>\n<p><\/span><\/p>\n","protected":false},"excerpt":{"rendered":"<p>B\u011bhem 6 dn\u016f se B\u00e1ra Jandov\u00e1 z\u00fa\u010dastnila podruh\u00e9 v\u00fdznamn\u00e9 sportovn\u00ed mezin\u00e1rodn\u00ed akce a op\u011bt p\u0159ivezla medaili. Po rakousk\u00e9m \u0161ampion\u00e1tu se z\u00fa\u010dastnila 11. otev\u0159en\u00e9ho mistrovstv\u00ed Evropy veslov\u00e1n\u00ed na trena\u017eeru, kter\u00e9 se konalo v d\u00e1nsk\u00e9 Kodani. Z<a class=\"read-more\" href=\"http:\/\/www.vko.cz\/VKOweb\/veslarka-bara-jandova-privezla-z-kodane-bronzovou-medaili\/\">\u010d\u00edst d\u00e1le..<\/a><\/p>\n","protected":false},"author":5,"featured_media":0,"comment_status":"open","ping_status":"closed","sticky":false,"template":"","format":"standard","meta":{"footnotes":""},"categories":[5],"tags":[],"_links":{"self":[{"href":"http:\/\/www.vko.cz\/VKOweb\/wp-json\/wp\/v2\/posts\/967"}],"collection":[{"href":"http:\/\/www.vko.cz\/VKOweb\/wp-json\/wp\/v2\/posts"}],"about":[{"href":"http:\/\/www.vko.cz\/VKOweb\/wp-json\/wp\/v2\/types\/post"}],"author":[{"embeddable":true,"href":"http:\/\/www.vko.cz\/VKOweb\/wp-json\/wp\/v2\/users\/5"}],"replies":[{"embeddable":true,"href":"http:\/\/www.vko.cz\/VKOweb\/wp-json\/wp\/v2\/comments?post=967"}],"version-history":[{"count":6,"href":"http:\/\/www.vko.cz\/VKOweb\/wp-json\/wp\/v2\/posts\/967\/revisions"}],"predecessor-version":[{"id":970,"href":"http:\/\/www.vko.cz\/VKOweb\/wp-json\/wp\/v2\/posts\/967\/revisions\/970"}],"wp:attachment":[{"href":"http:\/\/www.vko.cz\/VKOweb\/wp-json\/wp\/v2\/media?parent=967"}],"wp:term":[{"taxonomy":"category","embeddable":true,"href":"http:\/\/www.vko.cz\/VKOweb\/wp-json\/wp\/v2\/categories?post=967"},{"taxonomy":"post_tag","embeddable":true,"href":"http:\/\/www.vko.cz\/VKOweb\/wp-json\/wp\/v2\/tags?post=967"}],"curies":[{"name":"wp","href":"https:\/\/api.w.org\/{rel}","templated":true}]}}