{"id":951,"date":"2014-01-05T03:14:53","date_gmt":"2014-01-05T09:14:53","guid":{"rendered":"http:\/\/www.vko.cz\/VKOweb\/?p=951"},"modified":"2014-01-05T04:34:55","modified_gmt":"2014-01-05T10:34:55","slug":"vanoce-na-veslaku","status":"publish","type":"post","link":"http:\/\/www.vko.cz\/VKOweb\/vanoce-na-veslaku\/","title":{"rendered":"V\u00e1noce na vesl\u00e1ku"},"content":{"rendered":"<p>21.12.2013 jsme jeli z\u00e1vodit do Pardubic. Zde m\u00edstn\u00ed odd\u00edl po\u0159\u00e1d\u00e1 ka\u017edoro\u010dn\u00ed V\u00e1no\u010dn\u00ed z\u00e1vody na trena\u017e\u00e9rech. Mezi nejlep\u0161\u00ed medail\u00ed ohodnocen\u00e9 jedince se probojovali dorostenky Ivana Ka\u0161kov\u00e1 a Sabina J\u00e1nsk\u00e1. Z dorostenc\u016f dojel Martin Lacina na druh\u00e9m m\u00edst\u011b a Honza Le\u0161ko na t\u0159et\u00edm. Tyto skv\u011bl\u00e9 v\u00fdsledky n\u00e1m p\u0159inesli i celkov\u00e9 v\u00edt\u011bzstv\u00ed v dorosteneck\u00e9 kategorii. Foto a v\u00fdsledky:<a href=\"http:\/\/www.cvkpardubice.cz\/\">http:\/\/www.cvkpardubice.cz\/<\/a>\u00a0\u00a0 <a href=\"http:\/\/vko1883.rajce.idnes.cz\/Pardubice\">http:\/\/vko1883.rajce.idnes.cz\/Pardubice<\/a><\/p>\n<p>27.12.2013 se kon\u00e1 tradi\u010dn\u00ed v\u00e1no\u010dn\u00ed veslov\u00e1n\u00ed na Sm\u00edchov\u011b. Leto\u0161n\u00ed po\u010das\u00ed dohnalo po\u0159adatele k p\u0159\u00edjemn\u00e9 zm\u011bn\u011b. D\u00edky tepl\u00e9mu po\u010das\u00ed se z\u00e1vody p\u0159esunuli na Vltavu. Na p\u016fj\u010den\u00fdch lod\u00edch se nejl\u00e9pe da\u0159ilo star\u0161\u00edm \u017e\u00e1kyn\u00edm B\u00e1\u0159e Jandov\u00e9, M\u00ed\u0161e Kom\u016frkov\u00e9 a Pet\u0159e Posp\u00ed\u0161ilov\u00e9, kter\u00e9 jasn\u011b zv\u00edt\u011bzily. Dorosteneck\u00e1 \u010dty\u0159ka dojela na t\u0159et\u00edm m\u00edst\u011b. Honza Lacina vesloval poprv\u00e9 na dvojce bez kormideln\u00edka. Se zku\u0161en\u00fdm vesla\u0159em Honzou Ku\u010derou se nezvrhli a \u0161\u0165astn\u011b dokon\u010dili sv\u016fj z\u00e1vod .-)\u00a0\u00a0 <a href=\"http:\/\/vko1883.rajce.idnes.cz\/Smichov\">http:\/\/vko1883.rajce.idnes.cz\/Smichov<\/a><\/p>\n<p>31.12.2013 jsme se se\u0161li v klubu rozlou\u010dit se star\u00fdm rokem. T\u0159i odv\u00e1\u017elivci se vydali b\u011bhem na Hobl\u00edk (Obl\u00edk).\u00a0\u00a0 <a href=\"http:\/\/vko1883.rajce.idnes.cz\/31.12.2013_VKO_a_Oblik\">http:\/\/vko1883.rajce.idnes.cz\/31.12.2013_VKO_a_Oblik<\/a><\/p>\n<p>vrcholov\u00e9 foto:<\/p>\n<p>4.1.2014 se konalo dal\u0161\u00ed kolo poh\u00e1ru na trena\u017e\u00e9rech. Z na\u0161ich vesla\u0159\u016f za mezi nejlep\u0161\u00edmi z cel\u00e9 republiky um\u00edstili Martin Lacina na 10.m\u00edst\u011b a Honza Le\u0161ko na 11.m\u00edst\u011b. Mezi mu\u017ei lehk\u00e9 v\u00e1hy si zlep\u0161il sv\u016fj osobn\u00ed v\u00fdkon Honza Lacina. Dorostenky Sabina J. dojela na 14.m\u00edst\u011b a Ivana K. na 19.m\u00edst\u011b. v\u00fdsledky:<a href=\"http:\/\/www.veslo.cz\/iii-kolo-poharu-cr-2014\">http:\/\/www.veslo.cz\/iii-kolo-poharu-cr-2014<\/a>\u00a0\u00a0 foto:<a href=\"http:\/\/vko1883.rajce.idnes.cz\/Blesk\">http:\/\/vko1883.rajce.idnes.cz\/Blesk<\/a><\/p>\n","protected":false},"excerpt":{"rendered":"<p>21.12.2013 jsme jeli z\u00e1vodit do Pardubic. Zde m\u00edstn\u00ed odd\u00edl po\u0159\u00e1d\u00e1 ka\u017edoro\u010dn\u00ed V\u00e1no\u010dn\u00ed z\u00e1vody na trena\u017e\u00e9rech. Mezi nejlep\u0161\u00ed medail\u00ed ohodnocen\u00e9 jedince se probojovali dorostenky Ivana Ka\u0161kov\u00e1 a Sabina J\u00e1nsk\u00e1. Z dorostenc\u016f dojel Martin Lacina na druh\u00e9m<a class=\"read-more\" href=\"http:\/\/www.vko.cz\/VKOweb\/vanoce-na-veslaku\/\">\u010d\u00edst d\u00e1le..<\/a><\/p>\n","protected":false},"author":5,"featured_media":0,"comment_status":"open","ping_status":"closed","sticky":false,"template":"","format":"standard","meta":{"footnotes":""},"categories":[5],"tags":[],"_links":{"self":[{"href":"http:\/\/www.vko.cz\/VKOweb\/wp-json\/wp\/v2\/posts\/951"}],"collection":[{"href":"http:\/\/www.vko.cz\/VKOweb\/wp-json\/wp\/v2\/posts"}],"about":[{"href":"http:\/\/www.vko.cz\/VKOweb\/wp-json\/wp\/v2\/types\/post"}],"author":[{"embeddable":true,"href":"http:\/\/www.vko.cz\/VKOweb\/wp-json\/wp\/v2\/users\/5"}],"replies":[{"embeddable":true,"href":"http:\/\/www.vko.cz\/VKOweb\/wp-json\/wp\/v2\/comments?post=951"}],"version-history":[{"count":4,"href":"http:\/\/www.vko.cz\/VKOweb\/wp-json\/wp\/v2\/posts\/951\/revisions"}],"predecessor-version":[{"id":954,"href":"http:\/\/www.vko.cz\/VKOweb\/wp-json\/wp\/v2\/posts\/951\/revisions\/954"}],"wp:attachment":[{"href":"http:\/\/www.vko.cz\/VKOweb\/wp-json\/wp\/v2\/media?parent=951"}],"wp:term":[{"taxonomy":"category","embeddable":true,"href":"http:\/\/www.vko.cz\/VKOweb\/wp-json\/wp\/v2\/categories?post=951"},{"taxonomy":"post_tag","embeddable":true,"href":"http:\/\/www.vko.cz\/VKOweb\/wp-json\/wp\/v2\/tags?post=951"}],"curies":[{"name":"wp","href":"https:\/\/api.w.org\/{rel}","templated":true}]}}