{"id":944,"date":"2013-12-16T00:48:30","date_gmt":"2013-12-16T06:48:30","guid":{"rendered":"http:\/\/www.vko.cz\/VKOweb\/?p=944"},"modified":"2013-12-17T01:21:13","modified_gmt":"2013-12-17T07:21:13","slug":"2-kolo-ceskeho-poharu-ve-veslovani","status":"publish","type":"post","link":"http:\/\/www.vko.cz\/VKOweb\/2-kolo-ceskeho-poharu-ve-veslovani\/","title":{"rendered":"2.kolo \u010cesk\u00e9ho Poh\u00e1ru ve veslov\u00e1n\u00ed"},"content":{"rendered":"<p>14.12. vyrazila po\u010detn\u00e1 skupina \u00a0osmi dorostenc\u016f a dorostenek do Neratovic . Pro v\u011bt\u0161inu to byl prvn\u00ed start na dvoukilometrov\u00e9 trati a z\u00edsk\u00e1v\u00e1ni zku\u0161enost\u00ed do p\u0159\u00ed\u0161t\u00ed sez\u00f3ny. Zku\u0161enosti z lo\u0148sk\u00e9 sez\u00f3ny v\u00fdborn\u011b prodal Martin Lacina, kter\u00fd v konkurenci 85 dorostenc\u016f skon\u010dil na kr\u00e1sn\u00e9m (bramborov\u00e9m m\u00edst\u011b) 4.m\u00edst\u011b. Zlep\u0161en\u00ed osobn\u00edch rekord\u016f dos\u00e1hli t\u00e9\u017e Sabina J\u00e1nsk\u00e1 v dorostenk\u00e1ch a Honza Lacina v kategorii lehk\u00fdch mu\u017e\u016f. Osobn\u00ed maximum t\u00e9\u017e zlep\u0161ila na\u0161e odchovankyn\u011b Nikol Richterov\u00e1, t\u00e9 p\u0159ineslo zlep\u0161en\u00ed t\u0159et\u00ed m\u00edsto mezi \u017eenami.<\/p>\n<p>foto: <a href=\"http:\/\/vko1883.rajce.idnes.cz\/Neratovice_2013\/\">http:\/\/vko1883.rajce.idnes.cz\/Neratovice_2013\/<\/a><\/p>\n<p>v\u00fdsledky: <a href=\"http:\/\/www.ceskeveslovani.cz\/ii-kolo-poharu-cr-2013-2014-v-jizde-na-veslarskem-trenazeru\">http:\/\/www.ceskeveslovani.cz\/ii-kolo-poharu-cr-2013-2014-v-jizde-na-veslarskem-trenazeru<\/a><\/p>\n","protected":false},"excerpt":{"rendered":"<p>14.12. vyrazila po\u010detn\u00e1 skupina \u00a0osmi dorostenc\u016f a dorostenek do Neratovic . Pro v\u011bt\u0161inu to byl prvn\u00ed start na dvoukilometrov\u00e9 trati a z\u00edsk\u00e1v\u00e1ni zku\u0161enost\u00ed do p\u0159\u00ed\u0161t\u00ed sez\u00f3ny. Zku\u0161enosti z lo\u0148sk\u00e9 sez\u00f3ny v\u00fdborn\u011b prodal Martin Lacina, kter\u00fd<a class=\"read-more\" href=\"http:\/\/www.vko.cz\/VKOweb\/2-kolo-ceskeho-poharu-ve-veslovani\/\">\u010d\u00edst d\u00e1le..<\/a><\/p>\n","protected":false},"author":5,"featured_media":0,"comment_status":"open","ping_status":"closed","sticky":false,"template":"","format":"standard","meta":{"footnotes":""},"categories":[5],"tags":[],"_links":{"self":[{"href":"http:\/\/www.vko.cz\/VKOweb\/wp-json\/wp\/v2\/posts\/944"}],"collection":[{"href":"http:\/\/www.vko.cz\/VKOweb\/wp-json\/wp\/v2\/posts"}],"about":[{"href":"http:\/\/www.vko.cz\/VKOweb\/wp-json\/wp\/v2\/types\/post"}],"author":[{"embeddable":true,"href":"http:\/\/www.vko.cz\/VKOweb\/wp-json\/wp\/v2\/users\/5"}],"replies":[{"embeddable":true,"href":"http:\/\/www.vko.cz\/VKOweb\/wp-json\/wp\/v2\/comments?post=944"}],"version-history":[{"count":3,"href":"http:\/\/www.vko.cz\/VKOweb\/wp-json\/wp\/v2\/posts\/944\/revisions"}],"predecessor-version":[{"id":947,"href":"http:\/\/www.vko.cz\/VKOweb\/wp-json\/wp\/v2\/posts\/944\/revisions\/947"}],"wp:attachment":[{"href":"http:\/\/www.vko.cz\/VKOweb\/wp-json\/wp\/v2\/media?parent=944"}],"wp:term":[{"taxonomy":"category","embeddable":true,"href":"http:\/\/www.vko.cz\/VKOweb\/wp-json\/wp\/v2\/categories?post=944"},{"taxonomy":"post_tag","embeddable":true,"href":"http:\/\/www.vko.cz\/VKOweb\/wp-json\/wp\/v2\/tags?post=944"}],"curies":[{"name":"wp","href":"https:\/\/api.w.org\/{rel}","templated":true}]}}