{"id":936,"date":"2013-12-02T06:40:47","date_gmt":"2013-12-02T12:40:47","guid":{"rendered":"http:\/\/www.vko.cz\/VKOweb\/?p=936"},"modified":"2013-12-02T06:40:47","modified_gmt":"2013-12-02T12:40:47","slug":"martin-lacina-je-v-scm-2014","status":"publish","type":"post","link":"http:\/\/www.vko.cz\/VKOweb\/martin-lacina-je-v-scm-2014\/","title":{"rendered":"Martin Lacina je v SCM 2014"},"content":{"rendered":"<p>V ned\u011bli 1.12. se na\u0161e dorosteneck\u00e1 skupina pokusila prosadit mezi nejlep\u0161\u00ed ml\u00e1de\u017enick\u00e9 vesla\u0159e. Pro v\u011bt\u0161inu byl limit nedosa\u017eiteln\u00fd, ale pro p\u0159\u00ed\u0161t\u00ed rok bude situace mnohem nad\u011bjn\u011bj\u0161\u00ed. Letos se poda\u0159ilo \u00a0prosadit do Sportovn\u00edho centra ml\u00e1de\u017ee Martinovi Lacinovi. Ve sv\u00e9m ro\u010dn\u00edku se um\u00edstil na 7.m\u00edst\u011b. Celkov\u011b na 40.m\u00edst\u011b, co\u017e ho \u0159ad\u00ed mezi osmdes\u00e1t vyvolen\u00fdch, jejich\u017e p\u0159\u00edprava je podporov\u00e1na a sm\u011brov\u00e1na k \u00fa\u010dasti na juniorsk\u00e9m mistrovstv\u00ed sv\u011bta.<\/p>\n<p><a href=\"http:\/\/vko1883.rajce.idnes.cz\/SCM_2014\/\">http:\/\/vko1883.rajce.idnes.cz\/SCM_2014\/<\/a><\/p>\n","protected":false},"excerpt":{"rendered":"<p>V ned\u011bli 1.12. se na\u0161e dorosteneck\u00e1 skupina pokusila prosadit mezi nejlep\u0161\u00ed ml\u00e1de\u017enick\u00e9 vesla\u0159e. Pro v\u011bt\u0161inu byl limit nedosa\u017eiteln\u00fd, ale pro p\u0159\u00ed\u0161t\u00ed rok bude situace mnohem nad\u011bjn\u011bj\u0161\u00ed. Letos se poda\u0159ilo \u00a0prosadit do Sportovn\u00edho centra ml\u00e1de\u017ee Martinovi<a class=\"read-more\" href=\"http:\/\/www.vko.cz\/VKOweb\/martin-lacina-je-v-scm-2014\/\">\u010d\u00edst d\u00e1le..<\/a><\/p>\n","protected":false},"author":5,"featured_media":0,"comment_status":"open","ping_status":"closed","sticky":false,"template":"","format":"standard","meta":{"footnotes":""},"categories":[5],"tags":[],"_links":{"self":[{"href":"http:\/\/www.vko.cz\/VKOweb\/wp-json\/wp\/v2\/posts\/936"}],"collection":[{"href":"http:\/\/www.vko.cz\/VKOweb\/wp-json\/wp\/v2\/posts"}],"about":[{"href":"http:\/\/www.vko.cz\/VKOweb\/wp-json\/wp\/v2\/types\/post"}],"author":[{"embeddable":true,"href":"http:\/\/www.vko.cz\/VKOweb\/wp-json\/wp\/v2\/users\/5"}],"replies":[{"embeddable":true,"href":"http:\/\/www.vko.cz\/VKOweb\/wp-json\/wp\/v2\/comments?post=936"}],"version-history":[{"count":1,"href":"http:\/\/www.vko.cz\/VKOweb\/wp-json\/wp\/v2\/posts\/936\/revisions"}],"predecessor-version":[{"id":937,"href":"http:\/\/www.vko.cz\/VKOweb\/wp-json\/wp\/v2\/posts\/936\/revisions\/937"}],"wp:attachment":[{"href":"http:\/\/www.vko.cz\/VKOweb\/wp-json\/wp\/v2\/media?parent=936"}],"wp:term":[{"taxonomy":"category","embeddable":true,"href":"http:\/\/www.vko.cz\/VKOweb\/wp-json\/wp\/v2\/categories?post=936"},{"taxonomy":"post_tag","embeddable":true,"href":"http:\/\/www.vko.cz\/VKOweb\/wp-json\/wp\/v2\/tags?post=936"}],"curies":[{"name":"wp","href":"https:\/\/api.w.org\/{rel}","templated":true}]}}