{"id":910,"date":"2013-11-13T05:01:54","date_gmt":"2013-11-13T11:01:54","guid":{"rendered":"http:\/\/www.vko.cz\/VKOweb\/?p=910"},"modified":"2013-11-13T05:01:54","modified_gmt":"2013-11-13T11:01:54","slug":"verejny-halovy-triatlon-louny-v-novem-strihu","status":"publish","type":"post","link":"http:\/\/www.vko.cz\/VKOweb\/verejny-halovy-triatlon-louny-v-novem-strihu\/","title":{"rendered":"Ve\u0159ejn\u00fd halov\u00fd triatlon Louny v nov\u00e9m st\u0159ihu"},"content":{"rendered":"<p>V\u00a0sobotu 23. Listopadu se  v\u00a0Lounech kon\u00e1 ji\u017e XIX. ro\u010dn\u00edk Ve\u0159ejn\u00e9ho halov\u00e9ho triatlonu. Letos doch\u00e1z\u00ed  v\u00a0organizaci k\u00a0n\u011bkolika zm\u011bn\u00e1m, kter\u00e9 slibuj\u00ed vy\u0161\u0161\u00ed atraktivitu i sportovn\u00ed  hodnotu.<\/p>\n<p>V\u00a0lo\u0148sk\u00e9m roce byli po\u0159adatel\u00e9  trochu zasko\u010deni ohromn\u00fdm z\u00e1jmem, kter\u00fd dos\u00e1hl kritick\u00e9ho mno\u017estv\u00ed 560  p\u0159ihl\u00e1\u0161en\u00fdch. Toto bylo nutno operativn\u011b a v\u00edcem\u00e9n\u011b nouzov\u011b \u0159e\u0161it zkr\u00e1cen\u00edm drah  na polovinu.<\/p>\n<p>Po\u0159adatel\u00e9 si jsou v\u011bdomi  zklam\u00e1n\u00ed n\u011bkter\u00fdch sportovc\u016f a proto je zde pro leto\u0161n\u00ed ro\u010dn\u00edk n\u011bkolik  novinek:<\/p>\n<p>1.\u00a0\u00a0\u00a0\u00a0\u00a0\u00a0  Letos se z\u00e1vod vrac\u00ed znovu na  <strong>p\u016fvodn\u00ed dr\u00e1hy 2000 m kolo, 800 m b\u011bh, 1000 m veslov\u00e1n\u00ed<\/strong> (\u017e\u00e1kovsk\u00e9  kategorie polovi\u010dn\u00ed)<\/p>\n<p>2.\u00a0\u00a0\u00a0\u00a0\u00a0\u00a0  Po\u010det drah se zv\u00fd\u0161\u00ed z\u00a08 na 16.  D\u00edky tomu dok\u00e1\u017eeme zvl\u00e1dnout daleko v\u011bt\u0161\u00ed po\u010det  startuj\u00edc\u00edch.<\/p>\n<p>3.\u00a0\u00a0\u00a0\u00a0\u00a0\u00a0  \u010clunkov\u00fd b\u011bh v\u00a0odd\u011blen\u00fdch  drah\u00e1ch bude nahrazen kontaktn\u00edm b\u011b\u017eeck\u00fdm z\u00e1vodem v\u00a0jedn\u00e9  dr\u00e1ze.<\/p>\n<p>4.\u00a0\u00a0\u00a0\u00a0\u00a0\u00a0  To si vy\u017e\u00e1dalo zm\u011bnu po\u0159ad\u00ed  discipl\u00edn. Nov\u011b se pojede po\u0159ad\u00ed <strong>kolo \u2013 b\u011bh \u2013  veslov\u00e1n\u00ed<\/strong>.<\/p>\n<p>5.\u00a0\u00a0\u00a0\u00a0\u00a0\u00a0  Z\u00e1v\u011bre\u010dn\u00fd vesla\u0159sk\u00fd z\u00e1vod bude  vizualizov\u00e1n na projektoru.<\/p>\n<p>Kapacita i div\u00e1ck\u00e1 atraktivita  z\u00e1vodu se tedy v\u00fdznamn\u011b zv\u00fd\u0161\u00ed.<\/p>\n<p>Zveme v\u0161echny na\u0161e v\u011brn\u00e9 i nov\u00e9  \u00fa\u010dastn\u00edky na zah\u00e1jen\u00ed nov\u00e9 \u00e9ry tohoto tradi\u010dn\u00edho z\u00e1vodu.<\/p>\n<p>P\u0159ihl\u00e1\u0161ky a podrobnosti na <a title=\"blocked::http:\/\/www.halovytriatlon.cz\/\" href=\"http:\/\/www.halovytriatlon.cz\/\">www.halovytriatlon.cz<\/a><\/p>\n<p>S pozdravem<\/p>\n<p><strong>Ing. Jarom\u00edr Vorel<\/strong><\/p>\n<p>P\u0159edseda VKO Louny<\/p>\n","protected":false},"excerpt":{"rendered":"<p>V\u00a0sobotu 23. Listopadu se v\u00a0Lounech kon\u00e1 ji\u017e XIX. ro\u010dn\u00edk Ve\u0159ejn\u00e9ho halov\u00e9ho triatlonu. Letos doch\u00e1z\u00ed v\u00a0organizaci k\u00a0n\u011bkolika zm\u011bn\u00e1m, kter\u00e9 slibuj\u00ed vy\u0161\u0161\u00ed atraktivitu i sportovn\u00ed hodnotu. V\u00a0lo\u0148sk\u00e9m roce byli po\u0159adatel\u00e9 trochu zasko\u010deni ohromn\u00fdm z\u00e1jmem, kter\u00fd dos\u00e1hl kritick\u00e9ho<a class=\"read-more\" href=\"http:\/\/www.vko.cz\/VKOweb\/verejny-halovy-triatlon-louny-v-novem-strihu\/\">\u010d\u00edst d\u00e1le..<\/a><\/p>\n","protected":false},"author":5,"featured_media":0,"comment_status":"open","ping_status":"closed","sticky":false,"template":"","format":"standard","meta":{"footnotes":""},"categories":[5],"tags":[],"_links":{"self":[{"href":"http:\/\/www.vko.cz\/VKOweb\/wp-json\/wp\/v2\/posts\/910"}],"collection":[{"href":"http:\/\/www.vko.cz\/VKOweb\/wp-json\/wp\/v2\/posts"}],"about":[{"href":"http:\/\/www.vko.cz\/VKOweb\/wp-json\/wp\/v2\/types\/post"}],"author":[{"embeddable":true,"href":"http:\/\/www.vko.cz\/VKOweb\/wp-json\/wp\/v2\/users\/5"}],"replies":[{"embeddable":true,"href":"http:\/\/www.vko.cz\/VKOweb\/wp-json\/wp\/v2\/comments?post=910"}],"version-history":[{"count":1,"href":"http:\/\/www.vko.cz\/VKOweb\/wp-json\/wp\/v2\/posts\/910\/revisions"}],"predecessor-version":[{"id":911,"href":"http:\/\/www.vko.cz\/VKOweb\/wp-json\/wp\/v2\/posts\/910\/revisions\/911"}],"wp:attachment":[{"href":"http:\/\/www.vko.cz\/VKOweb\/wp-json\/wp\/v2\/media?parent=910"}],"wp:term":[{"taxonomy":"category","embeddable":true,"href":"http:\/\/www.vko.cz\/VKOweb\/wp-json\/wp\/v2\/categories?post=910"},{"taxonomy":"post_tag","embeddable":true,"href":"http:\/\/www.vko.cz\/VKOweb\/wp-json\/wp\/v2\/tags?post=910"}],"curies":[{"name":"wp","href":"https:\/\/api.w.org\/{rel}","templated":true}]}}