{"id":907,"date":"2013-11-01T03:53:04","date_gmt":"2013-11-01T09:53:04","guid":{"rendered":"http:\/\/www.vko.cz\/VKOweb\/?p=907"},"modified":"2013-11-01T03:53:49","modified_gmt":"2013-11-01T09:53:49","slug":"zimni-trenink-mladeze","status":"publish","type":"post","link":"http:\/\/www.vko.cz\/VKOweb\/zimni-trenink-mladeze\/","title":{"rendered":"Zimn\u00ed tr\u00e9nink ml\u00e1de\u017ee"},"content":{"rendered":"<p>\u00fater\u00fd: od 17.hod.-18.hod. sokolovna<\/p>\n<p>st\u0159eda: od 17.hod.-18.hod. baz\u00e9n 7.z\u0161<\/p>\n<p>\u010dtvrtek vesl\u00e1k: od 16.hod. skupina Pavel Bl\u00e1ha.<\/p>\n<p>\u010dtvrtek vesl\u00e1k: od 17.hod. skupina L\u00e1dik Miklos<\/p>\n","protected":false},"excerpt":{"rendered":"<p>\u00fater\u00fd: od 17.hod.-18.hod. sokolovna st\u0159eda: od 17.hod.-18.hod. baz\u00e9n 7.z\u0161 \u010dtvrtek vesl\u00e1k: od 16.hod. skupina Pavel Bl\u00e1ha. \u010dtvrtek vesl\u00e1k: od 17.hod. skupina L\u00e1dik Miklos<\/p>\n","protected":false},"author":5,"featured_media":0,"comment_status":"open","ping_status":"closed","sticky":false,"template":"","format":"standard","meta":{"footnotes":""},"categories":[5],"tags":[],"_links":{"self":[{"href":"http:\/\/www.vko.cz\/VKOweb\/wp-json\/wp\/v2\/posts\/907"}],"collection":[{"href":"http:\/\/www.vko.cz\/VKOweb\/wp-json\/wp\/v2\/posts"}],"about":[{"href":"http:\/\/www.vko.cz\/VKOweb\/wp-json\/wp\/v2\/types\/post"}],"author":[{"embeddable":true,"href":"http:\/\/www.vko.cz\/VKOweb\/wp-json\/wp\/v2\/users\/5"}],"replies":[{"embeddable":true,"href":"http:\/\/www.vko.cz\/VKOweb\/wp-json\/wp\/v2\/comments?post=907"}],"version-history":[{"count":2,"href":"http:\/\/www.vko.cz\/VKOweb\/wp-json\/wp\/v2\/posts\/907\/revisions"}],"predecessor-version":[{"id":909,"href":"http:\/\/www.vko.cz\/VKOweb\/wp-json\/wp\/v2\/posts\/907\/revisions\/909"}],"wp:attachment":[{"href":"http:\/\/www.vko.cz\/VKOweb\/wp-json\/wp\/v2\/media?parent=907"}],"wp:term":[{"taxonomy":"category","embeddable":true,"href":"http:\/\/www.vko.cz\/VKOweb\/wp-json\/wp\/v2\/categories?post=907"},{"taxonomy":"post_tag","embeddable":true,"href":"http:\/\/www.vko.cz\/VKOweb\/wp-json\/wp\/v2\/tags?post=907"}],"curies":[{"name":"wp","href":"https:\/\/api.w.org\/{rel}","templated":true}]}}