{"id":900,"date":"2013-10-20T23:41:39","date_gmt":"2013-10-21T05:41:39","guid":{"rendered":"http:\/\/www.vko.cz\/VKOweb\/?p=900"},"modified":"2013-10-20T23:41:39","modified_gmt":"2013-10-21T05:41:39","slug":"130-let-veslarskeho-klubu-v-lounech","status":"publish","type":"post","link":"http:\/\/www.vko.cz\/VKOweb\/130-let-veslarskeho-klubu-v-lounech\/","title":{"rendered":"130. let Vesla\u0159sk\u00e9ho klubu v Lounech"},"content":{"rendered":"<p>19. \u0159\u00edjna oslavil Vesla\u0159sk\u00fd klub Oh\u0159e 130. let od sv\u00e9ho zrodu. V r\u00e1mci oslav je otev\u0159en\u00e1 v\u00fdstava v M\u011bstsk\u00e9m muzeu. V sobotu uspo\u0159\u00e1dal klub z\u00e1vody na Oh\u0159i v netradi\u010dn\u00ed vzd\u00e1lenosti 200m. V nejv\u011bt\u0161\u00edm po\u010dtu p\u0159ijeli vesla\u0159i Litom\u011b\u0159ic. Z\u00e1vod\u016f se z\u00fa\u010dastnili i dal\u0161\u00ed z\u00e1stupci z pra\u017esk\u00fdch a polabsk\u00fdch odd\u00edl\u016f. Za jejich \u00fa\u010dast v\u0161em d\u011bkujeme a v\u011b\u0159\u00edme \u017ee se v\u0161em na na\u0161\u00ed vod\u011b l\u00edbilo.<\/p>\n<p>foto sprinty : <a href=\"http:\/\/vko1883.rajce.idnes.cz\/130._VKO_Louny\">http:\/\/vko1883.rajce.idnes.cz\/130._VKO_Louny<\/a><\/p>\n<p>foto v\u00fdstava : <a href=\"http:\/\/vko1883.rajce.idnes.cz\/Vystava\/\">http:\/\/vko1883.rajce.idnes.cz\/Vystava\/<\/a><\/p>\n","protected":false},"excerpt":{"rendered":"<p>19. \u0159\u00edjna oslavil Vesla\u0159sk\u00fd klub Oh\u0159e 130. let od sv\u00e9ho zrodu. V r\u00e1mci oslav je otev\u0159en\u00e1 v\u00fdstava v M\u011bstsk\u00e9m muzeu. V sobotu uspo\u0159\u00e1dal klub z\u00e1vody na Oh\u0159i v netradi\u010dn\u00ed vzd\u00e1lenosti 200m. V nejv\u011bt\u0161\u00edm po\u010dtu p\u0159ijeli<a class=\"read-more\" href=\"http:\/\/www.vko.cz\/VKOweb\/130-let-veslarskeho-klubu-v-lounech\/\">\u010d\u00edst d\u00e1le..<\/a><\/p>\n","protected":false},"author":5,"featured_media":0,"comment_status":"open","ping_status":"closed","sticky":false,"template":"","format":"standard","meta":{"footnotes":""},"categories":[5],"tags":[],"_links":{"self":[{"href":"http:\/\/www.vko.cz\/VKOweb\/wp-json\/wp\/v2\/posts\/900"}],"collection":[{"href":"http:\/\/www.vko.cz\/VKOweb\/wp-json\/wp\/v2\/posts"}],"about":[{"href":"http:\/\/www.vko.cz\/VKOweb\/wp-json\/wp\/v2\/types\/post"}],"author":[{"embeddable":true,"href":"http:\/\/www.vko.cz\/VKOweb\/wp-json\/wp\/v2\/users\/5"}],"replies":[{"embeddable":true,"href":"http:\/\/www.vko.cz\/VKOweb\/wp-json\/wp\/v2\/comments?post=900"}],"version-history":[{"count":2,"href":"http:\/\/www.vko.cz\/VKOweb\/wp-json\/wp\/v2\/posts\/900\/revisions"}],"predecessor-version":[{"id":902,"href":"http:\/\/www.vko.cz\/VKOweb\/wp-json\/wp\/v2\/posts\/900\/revisions\/902"}],"wp:attachment":[{"href":"http:\/\/www.vko.cz\/VKOweb\/wp-json\/wp\/v2\/media?parent=900"}],"wp:term":[{"taxonomy":"category","embeddable":true,"href":"http:\/\/www.vko.cz\/VKOweb\/wp-json\/wp\/v2\/categories?post=900"},{"taxonomy":"post_tag","embeddable":true,"href":"http:\/\/www.vko.cz\/VKOweb\/wp-json\/wp\/v2\/tags?post=900"}],"curies":[{"name":"wp","href":"https:\/\/api.w.org\/{rel}","templated":true}]}}