{"id":896,"date":"2013-10-14T00:43:00","date_gmt":"2013-10-14T06:43:00","guid":{"rendered":"http:\/\/www.vko.cz\/VKOweb\/?p=896"},"modified":"2013-10-14T00:43:00","modified_gmt":"2013-10-14T06:43:00","slug":"896","status":"publish","type":"post","link":"http:\/\/www.vko.cz\/VKOweb\/896\/","title":{"rendered":""},"content":{"rendered":"<p><a rel=\"attachment wp-att-897\" href=\"http:\/\/www.vko.cz\/VKOweb\/896\/pozvanka130letvkolouny-sprinty\/\">pozv\u00e1nka+130+let+VKO+LOUNY+-+sprinty<\/a><\/p>\n<p>Extr\u00e9mn\u00ed vesla\u0159sk\u00e9 z\u00e1vody v\u00a0Lounech.<\/p>\n<p>U p\u0159\u00edle\u017eitosti oslav 130 let veslov\u00e1n\u00ed v\u00a0Lounech po\u0159\u00e1d\u00e1 tuto sobotu 19. \u0158\u00edjna VKO vesla\u0159sk\u00e9 z\u00e1vody na extr\u00e9mn\u011b kr\u00e1tk\u00e9 dr\u00e1ze a s extr\u00e9mn\u011b n\u00edzk\u00fdm po\u010dtem drah.<\/p>\n<p>Jedn\u00e1 se o supersprinty \u010dty\u0159ek s\u00a0kormideln\u00edkem na dr\u00e1ze 200 m (nejdel\u0161\u00ed t\u00e9m\u011b\u0159 rovn\u00fd \u00fasek na Oh\u0159i v\u00a0Lounech), pro dv\u011b lod\u011b s\u00a0m\u00edrnou zat\u00e1\u010dkou a c\u00edlem u lod\u011bnice. Pojede se turnajov\u00fdm vy\u0159azovac\u00edm zp\u016fsobem.<\/p>\n<p>Neform\u00e1ln\u00ed n\u00e1zev z\u00e1vodu je \u201e<strong>20 vostrejch Louny<\/strong>\u201c<\/p>\n<p>V\u00a0discipl\u00edn\u011b s\u00a0toto\u017en\u00fdm n\u00e1zvem je mo\u017eno individueln\u011b i v\u00a0dru\u017estvech pokra\u010dovat v\u00a0lod\u011bnici na p\u0159\u00e1telsk\u00e9m posezen\u00ed s\u00a0hudbou a bohat\u00fdm ob\u010derstven\u00edm.<\/p>\n<p>Pojede se ve v\u0161ech kategori\u00edch od \u017e\u00e1k\u016f star\u0161\u00edch a\u017e po masters a mixy.<\/p>\n<p>Startovn\u00e9 se nevyb\u00edr\u00e1, dobr\u00e1 n\u00e1lada a maxim\u00e1ln\u00ed nasazen\u00ed se vy\u017eaduje.<\/p>\n<p>Sch\u016fzka z\u00e1stupc\u016f se kon\u00e1 v\u00a0<strong>sobotu<\/strong> <strong>19. \u0159\u00edjna 10:00<\/strong> v\u00a0lod\u011bnici.<\/p>\n<p>Poj\u010fte s\u00a0n\u00e1mi oslavit stot\u0159ic\u00edtku.<\/p>\n","protected":false},"excerpt":{"rendered":"<p>pozv\u00e1nka+130+let+VKO+LOUNY+-+sprinty Extr\u00e9mn\u00ed vesla\u0159sk\u00e9 z\u00e1vody v\u00a0Lounech. U p\u0159\u00edle\u017eitosti oslav 130 let veslov\u00e1n\u00ed v\u00a0Lounech po\u0159\u00e1d\u00e1 tuto sobotu 19. \u0158\u00edjna VKO vesla\u0159sk\u00e9 z\u00e1vody na extr\u00e9mn\u011b kr\u00e1tk\u00e9 dr\u00e1ze a s extr\u00e9mn\u011b n\u00edzk\u00fdm po\u010dtem drah. Jedn\u00e1 se o supersprinty \u010dty\u0159ek<a class=\"read-more\" href=\"http:\/\/www.vko.cz\/VKOweb\/896\/\">\u010d\u00edst d\u00e1le..<\/a><\/p>\n","protected":false},"author":5,"featured_media":0,"comment_status":"open","ping_status":"closed","sticky":false,"template":"","format":"standard","meta":{"footnotes":""},"categories":[5],"tags":[],"_links":{"self":[{"href":"http:\/\/www.vko.cz\/VKOweb\/wp-json\/wp\/v2\/posts\/896"}],"collection":[{"href":"http:\/\/www.vko.cz\/VKOweb\/wp-json\/wp\/v2\/posts"}],"about":[{"href":"http:\/\/www.vko.cz\/VKOweb\/wp-json\/wp\/v2\/types\/post"}],"author":[{"embeddable":true,"href":"http:\/\/www.vko.cz\/VKOweb\/wp-json\/wp\/v2\/users\/5"}],"replies":[{"embeddable":true,"href":"http:\/\/www.vko.cz\/VKOweb\/wp-json\/wp\/v2\/comments?post=896"}],"version-history":[{"count":2,"href":"http:\/\/www.vko.cz\/VKOweb\/wp-json\/wp\/v2\/posts\/896\/revisions"}],"predecessor-version":[{"id":899,"href":"http:\/\/www.vko.cz\/VKOweb\/wp-json\/wp\/v2\/posts\/896\/revisions\/899"}],"wp:attachment":[{"href":"http:\/\/www.vko.cz\/VKOweb\/wp-json\/wp\/v2\/media?parent=896"}],"wp:term":[{"taxonomy":"category","embeddable":true,"href":"http:\/\/www.vko.cz\/VKOweb\/wp-json\/wp\/v2\/categories?post=896"},{"taxonomy":"post_tag","embeddable":true,"href":"http:\/\/www.vko.cz\/VKOweb\/wp-json\/wp\/v2\/tags?post=896"}],"curies":[{"name":"wp","href":"https:\/\/api.w.org\/{rel}","templated":true}]}}