{"id":894,"date":"2013-10-14T00:32:35","date_gmt":"2013-10-14T06:32:35","guid":{"rendered":"http:\/\/www.vko.cz\/VKOweb\/?p=894"},"modified":"2013-10-14T00:32:35","modified_gmt":"2013-10-14T06:32:35","slug":"memorial-kralovny-johany","status":"publish","type":"post","link":"http:\/\/www.vko.cz\/VKOweb\/memorial-kralovny-johany\/","title":{"rendered":"Memori\u00e1l kr\u00e1lovny Johany"},"content":{"rendered":"<p>\u00a0V sobotu 12.10. jedeme z\u00e1vodit do Nymburka na \u0161esti kilometrovou tra\u0165 na Labi. Z \u0161esti startuj\u00edc\u00edch lod\u00ed jich p\u011bt vyhr\u00e1lo. Nejlep\u0161\u00edm v\u00fdkonem v\u00edt\u011bz\u00ed Martin Lacina. Jeho bratr Honza vyhr\u00e1l mezi lehk\u00fdmi mu\u017ei. Medaili za prvn\u00ed m\u00edsto p\u0159iv\u00e1\u017e\u00ed na dvojce bez kormideln\u00edka Ka\u0161kov\u00e1, Tr\u00e1vn\u00ed\u010dkov\u00e1 a Bl\u00e1ha, Le\u0161ko. Na skifu tak\u00e9 vyhr\u00e1la B\u00e1ra Jandov\u00e1.\u00a0 <a href=\"http:\/\/www.ceskeveslovani.cz\/memorial-kralovny-johany0\">http:\/\/www.ceskeveslovani.cz\/memorial-kralovny-johany0<\/a><\/p>\n<p><a href=\"http:\/\/vko1883.rajce.idnes.cz\/Nymburk\/\">http:\/\/vko1883.rajce.idnes.cz\/Nymburk\/<\/a><\/p>\n","protected":false},"excerpt":{"rendered":"<p>\u00a0V sobotu 12.10. jedeme z\u00e1vodit do Nymburka na \u0161esti kilometrovou tra\u0165 na Labi. Z \u0161esti startuj\u00edc\u00edch lod\u00ed jich p\u011bt vyhr\u00e1lo. Nejlep\u0161\u00edm v\u00fdkonem v\u00edt\u011bz\u00ed Martin Lacina. Jeho bratr Honza vyhr\u00e1l mezi lehk\u00fdmi mu\u017ei. Medaili za prvn\u00ed<a class=\"read-more\" href=\"http:\/\/www.vko.cz\/VKOweb\/memorial-kralovny-johany\/\">\u010d\u00edst d\u00e1le..<\/a><\/p>\n","protected":false},"author":5,"featured_media":0,"comment_status":"open","ping_status":"closed","sticky":false,"template":"","format":"standard","meta":{"footnotes":""},"categories":[5],"tags":[],"_links":{"self":[{"href":"http:\/\/www.vko.cz\/VKOweb\/wp-json\/wp\/v2\/posts\/894"}],"collection":[{"href":"http:\/\/www.vko.cz\/VKOweb\/wp-json\/wp\/v2\/posts"}],"about":[{"href":"http:\/\/www.vko.cz\/VKOweb\/wp-json\/wp\/v2\/types\/post"}],"author":[{"embeddable":true,"href":"http:\/\/www.vko.cz\/VKOweb\/wp-json\/wp\/v2\/users\/5"}],"replies":[{"embeddable":true,"href":"http:\/\/www.vko.cz\/VKOweb\/wp-json\/wp\/v2\/comments?post=894"}],"version-history":[{"count":1,"href":"http:\/\/www.vko.cz\/VKOweb\/wp-json\/wp\/v2\/posts\/894\/revisions"}],"predecessor-version":[{"id":895,"href":"http:\/\/www.vko.cz\/VKOweb\/wp-json\/wp\/v2\/posts\/894\/revisions\/895"}],"wp:attachment":[{"href":"http:\/\/www.vko.cz\/VKOweb\/wp-json\/wp\/v2\/media?parent=894"}],"wp:term":[{"taxonomy":"category","embeddable":true,"href":"http:\/\/www.vko.cz\/VKOweb\/wp-json\/wp\/v2\/categories?post=894"},{"taxonomy":"post_tag","embeddable":true,"href":"http:\/\/www.vko.cz\/VKOweb\/wp-json\/wp\/v2\/tags?post=894"}],"curies":[{"name":"wp","href":"https:\/\/api.w.org\/{rel}","templated":true}]}}