{"id":890,"date":"2013-09-22T09:43:31","date_gmt":"2013-09-22T15:43:31","guid":{"rendered":"http:\/\/www.vko.cz\/VKOweb\/?p=890"},"modified":"2013-09-22T09:43:31","modified_gmt":"2013-09-22T15:43:31","slug":"100-primatorky","status":"publish","type":"post","link":"http:\/\/www.vko.cz\/VKOweb\/100-primatorky\/","title":{"rendered":"100.Prim\u00e1torky"},"content":{"rendered":"<p>20.9.-22.9 se v Praze jel jubieln\u00ed 100. ro\u010dn\u00edk Prim\u00e1torek. Lounsk\u00e1 v\u00fdprava byla za posledn\u00ed roky jedna z nejpo\u010detn\u011bj\u0161\u00edch. Ve veter\u00e1nsk\u00e9 kategorii se na\u0161e osma um\u00edstila na druh\u00e9m m\u00edst\u011b. Nejmlad\u0161\u00ed vesla\u0159e\u00a0zastupovala M\u00ed\u0161a Kom\u016frkov\u00e1, kter\u00e1 dojela druh\u00e1.\u00a0T\u0159et\u00ed m\u00edsto z\u00edskala osma star\u0161\u00edch \u017e\u00e1ky\u0148(Ka\u0161kov\u00e1 I, Tr\u00e1vn\u00ed\u010dkov\u00e1 B, Jandov\u00e1 B, Lavi\u010dkov\u00e1 H, kormidelnice a z\u00e1rove\u0148 tren\u00e9rka Loulov\u00e1 M).\u017d\u00e1kyn\u011b stejn\u011b jako star\u0161\u00ed \u017e\u00e1ci jeli ve spole\u010denstv\u00ed s Litom\u011b\u0159icemi. \u017d\u00e1ci doveslovali na \u010dtvrt\u00e9m m\u00edst\u011b(Bl\u00e1ha P, Le\u0161ko J, Neumann D, Hel\u0161us J).\u00a0V dorosteneck\u00e9 kategorii n\u00e1s zastupoval Martin Lacina a ten obsadil na osm\u011b, kterou kormimdloval jeho\u00a0bratr Honza, druh\u00e9 m\u00edsto v mal\u00e9m fin\u00e1le. Celkov\u011b tedy 7.m\u00edsto. V \u017eensk\u00e9m skifu dos\u00e1hla na t\u0159et\u00ed m\u00edsto v barv\u00e1ch VK Blesk,\u00a0Eli\u0161ka Merunkov\u00e1. V \u017eensk\u00fdch osm\u00e1ch m\u011blo Lounsk\u00e9 veslov\u00e1n\u00ed tak\u00e9 svoji odchovankyni Nikol Richterovou a ta obsadila s osmou Sm\u00edchova \u0161est\u00e9 m\u00edsto.<a href=\"http:\/\/www.sportis.cz\/csv.php?id=1388&amp;co=vysledky\">http:\/\/www.sportis.cz\/csv.php?id=1388&amp;co=vysledky<\/a><\/p>\n","protected":false},"excerpt":{"rendered":"<p>20.9.-22.9 se v Praze jel jubieln\u00ed 100. ro\u010dn\u00edk Prim\u00e1torek. Lounsk\u00e1 v\u00fdprava byla za posledn\u00ed roky jedna z nejpo\u010detn\u011bj\u0161\u00edch. Ve veter\u00e1nsk\u00e9 kategorii se na\u0161e osma um\u00edstila na druh\u00e9m m\u00edst\u011b. Nejmlad\u0161\u00ed vesla\u0159e\u00a0zastupovala M\u00ed\u0161a Kom\u016frkov\u00e1, kter\u00e1 dojela druh\u00e1.\u00a0T\u0159et\u00ed<a class=\"read-more\" href=\"http:\/\/www.vko.cz\/VKOweb\/100-primatorky\/\">\u010d\u00edst d\u00e1le..<\/a><\/p>\n","protected":false},"author":5,"featured_media":0,"comment_status":"open","ping_status":"closed","sticky":false,"template":"","format":"standard","meta":{"footnotes":""},"categories":[5],"tags":[],"_links":{"self":[{"href":"http:\/\/www.vko.cz\/VKOweb\/wp-json\/wp\/v2\/posts\/890"}],"collection":[{"href":"http:\/\/www.vko.cz\/VKOweb\/wp-json\/wp\/v2\/posts"}],"about":[{"href":"http:\/\/www.vko.cz\/VKOweb\/wp-json\/wp\/v2\/types\/post"}],"author":[{"embeddable":true,"href":"http:\/\/www.vko.cz\/VKOweb\/wp-json\/wp\/v2\/users\/5"}],"replies":[{"embeddable":true,"href":"http:\/\/www.vko.cz\/VKOweb\/wp-json\/wp\/v2\/comments?post=890"}],"version-history":[{"count":1,"href":"http:\/\/www.vko.cz\/VKOweb\/wp-json\/wp\/v2\/posts\/890\/revisions"}],"predecessor-version":[{"id":891,"href":"http:\/\/www.vko.cz\/VKOweb\/wp-json\/wp\/v2\/posts\/890\/revisions\/891"}],"wp:attachment":[{"href":"http:\/\/www.vko.cz\/VKOweb\/wp-json\/wp\/v2\/media?parent=890"}],"wp:term":[{"taxonomy":"category","embeddable":true,"href":"http:\/\/www.vko.cz\/VKOweb\/wp-json\/wp\/v2\/categories?post=890"},{"taxonomy":"post_tag","embeddable":true,"href":"http:\/\/www.vko.cz\/VKOweb\/wp-json\/wp\/v2\/tags?post=890"}],"curies":[{"name":"wp","href":"https:\/\/api.w.org\/{rel}","templated":true}]}}