{"id":855,"date":"2013-06-26T05:57:17","date_gmt":"2013-06-26T11:57:17","guid":{"rendered":"http:\/\/www.vko.cz\/VKOweb\/?p=855"},"modified":"2013-06-30T23:57:48","modified_gmt":"2013-07-01T05:57:48","slug":"odjezd-na-mistrovstvi-republiky","status":"publish","type":"post","link":"http:\/\/www.vko.cz\/VKOweb\/odjezd-na-mistrovstvi-republiky\/","title":{"rendered":"Mistrovstv\u00ed republiky 2013"},"content":{"rendered":"<p>Posledn\u00ed \u010dervnov\u00fd v\u00edkend dost\u00e1vali vesla\u0159i sv\u00e9 vysv\u011bd\u010den\u00ed na vesl\u00e1\u0159sk\u00e9m kan\u00e1le v Ra\u010dic\u00edch. Vedli jsme si v\u00fdborn\u011b. Do finalov\u00fdch j\u00edzd se probojovalo \u0161est lod\u00ed. Fin\u00e1le B si zajela M\u00ed\u0161a Kom\u016frkov\u00e1 na 2x\u017ekym a skon\u010dila celkov\u011b na 9.m\u00edst\u011b. Osm\u00e9 m\u00edsto pat\u0159ilo dorosteneck\u00e9 p\u00e1rovce, kde vesloval Martin Lacina, kter\u00fd tak\u00e9 zah\u00e1jil finalov\u00e9 boje o medaile. Na \u010dty\u0159ce s kormideln\u00edkem skon\u010dil t\u011bsn\u011b pod stupn\u011bm v\u00edt\u011bz\u016f. N\u00e1sledovali dal\u0161\u00ed t\u011bsn\u00e1 \u010dtvrt\u00e1 m\u00edsta: star\u0161\u00ed \u017e\u00e1kyn\u011b na p\u00e1rov\u00e9 \u010dty\u0159ce a na dvojskifu. Dvojskif star\u0161\u00edch \u017e\u00e1k\u016f\u00a0tak\u00e9 dovesloval s nejt\u011bsn\u011bj\u0161\u00edm rozd\u00edlem jedne desetiny na \u010dtvrt\u00e9m m\u00edst\u011b. V\u00cdCEMIST\u0158I \u010cESK\u00c9 REPUBLIKY jsou na \u010dty\u0159ce s kormideln\u00edkem \u017e\u00e1ci star\u0161\u00ed Bl\u00e1ha Petr, Honza Le\u0161ko, David Neumann, Honza Hel\u0161us a \u017e\u00e1kyn\u011b star\u0161\u00ed Ivana Ka\u0161kov\u00e1, B\u00e1ra Jandov\u00e1, Hana Lavi\u010dkov\u00e1, B\u00e1ra Tr\u00e1vn\u00ed\u010dkov\u00e1. Ob\u011b lod\u011b kormidlovala tren\u00e9rka \u017e\u00e1ky\u0148 Mark\u00e9ta Loulov\u00e1. Jm\u00e9nem v\u00fdboru VKO v\u0161em gratuluji. v\u00fdsledky:<a href=\"http:\/\/www.sportis.cz\/csv.php?id=1373&amp;co=vysledky\">http:\/\/www.sportis.cz\/csv.php?id=1373&amp;co=vysledky<\/a><\/p>\n<p>jedna v\u00e1rka fotek:\u00a0 <a href=\"http:\/\/vko1883.rajce.idnes.cz\/MCR_2013\">http:\/\/vko1883.rajce.idnes.cz\/MCR_2013<\/a><\/p>\n","protected":false},"excerpt":{"rendered":"<p>Posledn\u00ed \u010dervnov\u00fd v\u00edkend dost\u00e1vali vesla\u0159i sv\u00e9 vysv\u011bd\u010den\u00ed na vesl\u00e1\u0159sk\u00e9m kan\u00e1le v Ra\u010dic\u00edch. Vedli jsme si v\u00fdborn\u011b. Do finalov\u00fdch j\u00edzd se probojovalo \u0161est lod\u00ed. Fin\u00e1le B si zajela M\u00ed\u0161a Kom\u016frkov\u00e1 na 2x\u017ekym a skon\u010dila celkov\u011b na<a class=\"read-more\" href=\"http:\/\/www.vko.cz\/VKOweb\/odjezd-na-mistrovstvi-republiky\/\">\u010d\u00edst d\u00e1le..<\/a><\/p>\n","protected":false},"author":5,"featured_media":0,"comment_status":"open","ping_status":"closed","sticky":false,"template":"","format":"standard","meta":{"footnotes":""},"categories":[5],"tags":[],"_links":{"self":[{"href":"http:\/\/www.vko.cz\/VKOweb\/wp-json\/wp\/v2\/posts\/855"}],"collection":[{"href":"http:\/\/www.vko.cz\/VKOweb\/wp-json\/wp\/v2\/posts"}],"about":[{"href":"http:\/\/www.vko.cz\/VKOweb\/wp-json\/wp\/v2\/types\/post"}],"author":[{"embeddable":true,"href":"http:\/\/www.vko.cz\/VKOweb\/wp-json\/wp\/v2\/users\/5"}],"replies":[{"embeddable":true,"href":"http:\/\/www.vko.cz\/VKOweb\/wp-json\/wp\/v2\/comments?post=855"}],"version-history":[{"count":6,"href":"http:\/\/www.vko.cz\/VKOweb\/wp-json\/wp\/v2\/posts\/855\/revisions"}],"predecessor-version":[{"id":861,"href":"http:\/\/www.vko.cz\/VKOweb\/wp-json\/wp\/v2\/posts\/855\/revisions\/861"}],"wp:attachment":[{"href":"http:\/\/www.vko.cz\/VKOweb\/wp-json\/wp\/v2\/media?parent=855"}],"wp:term":[{"taxonomy":"category","embeddable":true,"href":"http:\/\/www.vko.cz\/VKOweb\/wp-json\/wp\/v2\/categories?post=855"},{"taxonomy":"post_tag","embeddable":true,"href":"http:\/\/www.vko.cz\/VKOweb\/wp-json\/wp\/v2\/tags?post=855"}],"curies":[{"name":"wp","href":"https:\/\/api.w.org\/{rel}","templated":true}]}}