{"id":845,"date":"2013-06-02T11:04:39","date_gmt":"2013-06-02T17:04:39","guid":{"rendered":"http:\/\/www.vko.cz\/VKOweb\/?p=845"},"modified":"2013-06-02T11:04:39","modified_gmt":"2013-06-02T17:04:39","slug":"lysa-nad-labem-2","status":"publish","type":"post","link":"http:\/\/www.vko.cz\/VKOweb\/lysa-nad-labem-2\/","title":{"rendered":"Lys\u00e1 nad Labem"},"content":{"rendered":"<p>1-2.6.\u00a0 za vytrval\u00e9ho de\u0161t\u011b\u00a0z\u00e1vodila na\u0161e ml\u00e1de\u017e v Lys\u00e9 nad Labem. V sobotu se n\u00e1m poda\u0159ilo z\u00edskat p\u011bt medail\u00ed. Martin Lacina byl \u00a0dvakr\u00e1t druh\u00fd a\u00a0 prvn\u00edho m\u00edsta se op\u011bt nedo\u010dkal, p\u0159esto\u017ee na osm\u011b byla jeho pos\u00e1dka suver\u00e9n\u011b prvn\u00ed do c\u00edle nedojela. Byla za \u0161patn\u00e9 projet\u00ed dr\u00e1hy vylou\u010dena.V ned\u011bli se na\u0161e pos\u00e1dka star\u0161\u00edch \u017e\u00e1ky\u0148\u00a0na prvn\u00edm m\u00edst\u011b potopila a t\u00edm ukon\u010dila z\u00e1vody na Labi. Fotky z v\u00edkendov\u00fdch z\u00e1vod\u016f nem\u00e1m jeliko\u017e jsem m\u011bl v ruce st\u00e1le de\u0161tn\u00edk. Proto d\u011bkuji za ka\u017edou doru\u010denou fotku.<\/p>\n","protected":false},"excerpt":{"rendered":"<p>1-2.6.\u00a0 za vytrval\u00e9ho de\u0161t\u011b\u00a0z\u00e1vodila na\u0161e ml\u00e1de\u017e v Lys\u00e9 nad Labem. V sobotu se n\u00e1m poda\u0159ilo z\u00edskat p\u011bt medail\u00ed. Martin Lacina byl \u00a0dvakr\u00e1t druh\u00fd a\u00a0 prvn\u00edho m\u00edsta se op\u011bt nedo\u010dkal, p\u0159esto\u017ee na osm\u011b byla jeho pos\u00e1dka<a class=\"read-more\" href=\"http:\/\/www.vko.cz\/VKOweb\/lysa-nad-labem-2\/\">\u010d\u00edst d\u00e1le..<\/a><\/p>\n","protected":false},"author":5,"featured_media":0,"comment_status":"open","ping_status":"closed","sticky":false,"template":"","format":"standard","meta":{"footnotes":""},"categories":[5],"tags":[],"_links":{"self":[{"href":"http:\/\/www.vko.cz\/VKOweb\/wp-json\/wp\/v2\/posts\/845"}],"collection":[{"href":"http:\/\/www.vko.cz\/VKOweb\/wp-json\/wp\/v2\/posts"}],"about":[{"href":"http:\/\/www.vko.cz\/VKOweb\/wp-json\/wp\/v2\/types\/post"}],"author":[{"embeddable":true,"href":"http:\/\/www.vko.cz\/VKOweb\/wp-json\/wp\/v2\/users\/5"}],"replies":[{"embeddable":true,"href":"http:\/\/www.vko.cz\/VKOweb\/wp-json\/wp\/v2\/comments?post=845"}],"version-history":[{"count":1,"href":"http:\/\/www.vko.cz\/VKOweb\/wp-json\/wp\/v2\/posts\/845\/revisions"}],"predecessor-version":[{"id":846,"href":"http:\/\/www.vko.cz\/VKOweb\/wp-json\/wp\/v2\/posts\/845\/revisions\/846"}],"wp:attachment":[{"href":"http:\/\/www.vko.cz\/VKOweb\/wp-json\/wp\/v2\/media?parent=845"}],"wp:term":[{"taxonomy":"category","embeddable":true,"href":"http:\/\/www.vko.cz\/VKOweb\/wp-json\/wp\/v2\/categories?post=845"},{"taxonomy":"post_tag","embeddable":true,"href":"http:\/\/www.vko.cz\/VKOweb\/wp-json\/wp\/v2\/tags?post=845"}],"curies":[{"name":"wp","href":"https:\/\/api.w.org\/{rel}","templated":true}]}}