{"id":841,"date":"2013-05-31T01:58:46","date_gmt":"2013-05-31T07:58:46","guid":{"rendered":"http:\/\/www.vko.cz\/VKOweb\/841\/"},"modified":"2013-05-31T02:00:04","modified_gmt":"2013-05-31T08:00:04","slug":"841","status":"publish","type":"post","link":"http:\/\/www.vko.cz\/VKOweb\/841\/","title":{"rendered":"Vzpom\u00ednka na padl\u00e9 \u010dleny v dob\u011b nacistick\u00e9 okupace"},"content":{"rendered":"<p><a rel=\"attachment wp-att-840\" href=\"http:\/\/www.vko.cz\/VKOweb\/841\/pozvanka_2013\/\">Pozv\u00e1nka_2013<\/a><\/p>\n","protected":false},"excerpt":{"rendered":"<p>Pozv\u00e1nka_2013<\/p>\n","protected":false},"author":5,"featured_media":0,"comment_status":"open","ping_status":"closed","sticky":false,"template":"","format":"standard","meta":{"footnotes":""},"categories":[5],"tags":[],"_links":{"self":[{"href":"http:\/\/www.vko.cz\/VKOweb\/wp-json\/wp\/v2\/posts\/841"}],"collection":[{"href":"http:\/\/www.vko.cz\/VKOweb\/wp-json\/wp\/v2\/posts"}],"about":[{"href":"http:\/\/www.vko.cz\/VKOweb\/wp-json\/wp\/v2\/types\/post"}],"author":[{"embeddable":true,"href":"http:\/\/www.vko.cz\/VKOweb\/wp-json\/wp\/v2\/users\/5"}],"replies":[{"embeddable":true,"href":"http:\/\/www.vko.cz\/VKOweb\/wp-json\/wp\/v2\/comments?post=841"}],"version-history":[{"count":3,"href":"http:\/\/www.vko.cz\/VKOweb\/wp-json\/wp\/v2\/posts\/841\/revisions"}],"predecessor-version":[{"id":844,"href":"http:\/\/www.vko.cz\/VKOweb\/wp-json\/wp\/v2\/posts\/841\/revisions\/844"}],"wp:attachment":[{"href":"http:\/\/www.vko.cz\/VKOweb\/wp-json\/wp\/v2\/media?parent=841"}],"wp:term":[{"taxonomy":"category","embeddable":true,"href":"http:\/\/www.vko.cz\/VKOweb\/wp-json\/wp\/v2\/categories?post=841"},{"taxonomy":"post_tag","embeddable":true,"href":"http:\/\/www.vko.cz\/VKOweb\/wp-json\/wp\/v2\/tags?post=841"}],"curies":[{"name":"wp","href":"https:\/\/api.w.org\/{rel}","templated":true}]}}