{"id":838,"date":"2013-05-26T23:55:40","date_gmt":"2013-05-27T05:55:40","guid":{"rendered":"http:\/\/www.vko.cz\/VKOweb\/?p=838"},"modified":"2013-05-26T23:55:40","modified_gmt":"2013-05-27T05:55:40","slug":"renneruv-memorial","status":"publish","type":"post","link":"http:\/\/www.vko.cz\/VKOweb\/renneruv-memorial\/","title":{"rendered":"Renner\u016fv memori\u00e1l"},"content":{"rendered":"<p>25.5.-26.5.\u00a0v de\u0161tiv\u00e9 Praze\u00a0z\u00e1vodili na\u0161i sv\u011b\u0159enci na Vltav\u011b. Sv\u00e9 prvn\u00ed v\u00edt\u011bzstv\u00ed na vod\u011b vybojovala M\u00ed\u0161a Kom\u016frkov\u00e1. Star\u0161\u00ed \u017e\u00e1kyn\u011b bojovaly ve fin\u00e1lov\u00e9 j\u00edzd\u011b dvojskif\u016f o prvn\u00ed m\u00edsto. Zv\u00edt\u011bzila Ivana K. s B\u00e1rou T., druh\u00e9 m\u00edsto zbylo na B\u00e1ru J. a Hanu L. V\u0161echny star\u0161\u00ed \u017e\u00e1kyn\u011b spole\u010dn\u011b s tren\u00e9rkou Mark\u00e9tou L. na kormidle \u00a0jeli ve spole\u010denstv\u00ed s Litom\u011b\u0159icemi na osm\u011b. Nejlep\u0161\u00ed pos\u00e1dku Sm\u00edchova se jim nepoda\u0159ilo porazit a skon\u010dili na druh\u00e9m m\u00edst\u011b. Co se nepovedlo holk\u00e1m, se poda\u0159ilo stra\u0161\u00edm \u017e\u00e1k\u016fm tak\u00e9 spole\u010dn\u011b s Litom\u011b\u0159icemi, p\u0159edjeli v\u0161echny pra\u017esk\u00e9 pos\u00e1dky a v gener\u00e1lce na 100.Prim\u00e1torky zv\u00edt\u011bzili.<\/p>\n<p><a href=\"http:\/\/vko1883.rajce.idnes.cz\/Renneruv_memorial\">http:\/\/vko1883.rajce.idnes.cz\/Renneruv_memorial<\/a><\/p>\n","protected":false},"excerpt":{"rendered":"<p>25.5.-26.5.\u00a0v de\u0161tiv\u00e9 Praze\u00a0z\u00e1vodili na\u0161i sv\u011b\u0159enci na Vltav\u011b. Sv\u00e9 prvn\u00ed v\u00edt\u011bzstv\u00ed na vod\u011b vybojovala M\u00ed\u0161a Kom\u016frkov\u00e1. Star\u0161\u00ed \u017e\u00e1kyn\u011b bojovaly ve fin\u00e1lov\u00e9 j\u00edzd\u011b dvojskif\u016f o prvn\u00ed m\u00edsto. Zv\u00edt\u011bzila Ivana K. s B\u00e1rou T., druh\u00e9 m\u00edsto zbylo na<a class=\"read-more\" href=\"http:\/\/www.vko.cz\/VKOweb\/renneruv-memorial\/\">\u010d\u00edst d\u00e1le..<\/a><\/p>\n","protected":false},"author":5,"featured_media":0,"comment_status":"open","ping_status":"closed","sticky":false,"template":"","format":"standard","meta":{"footnotes":""},"categories":[5],"tags":[],"_links":{"self":[{"href":"http:\/\/www.vko.cz\/VKOweb\/wp-json\/wp\/v2\/posts\/838"}],"collection":[{"href":"http:\/\/www.vko.cz\/VKOweb\/wp-json\/wp\/v2\/posts"}],"about":[{"href":"http:\/\/www.vko.cz\/VKOweb\/wp-json\/wp\/v2\/types\/post"}],"author":[{"embeddable":true,"href":"http:\/\/www.vko.cz\/VKOweb\/wp-json\/wp\/v2\/users\/5"}],"replies":[{"embeddable":true,"href":"http:\/\/www.vko.cz\/VKOweb\/wp-json\/wp\/v2\/comments?post=838"}],"version-history":[{"count":1,"href":"http:\/\/www.vko.cz\/VKOweb\/wp-json\/wp\/v2\/posts\/838\/revisions"}],"predecessor-version":[{"id":839,"href":"http:\/\/www.vko.cz\/VKOweb\/wp-json\/wp\/v2\/posts\/838\/revisions\/839"}],"wp:attachment":[{"href":"http:\/\/www.vko.cz\/VKOweb\/wp-json\/wp\/v2\/media?parent=838"}],"wp:term":[{"taxonomy":"category","embeddable":true,"href":"http:\/\/www.vko.cz\/VKOweb\/wp-json\/wp\/v2\/categories?post=838"},{"taxonomy":"post_tag","embeddable":true,"href":"http:\/\/www.vko.cz\/VKOweb\/wp-json\/wp\/v2\/tags?post=838"}],"curies":[{"name":"wp","href":"https:\/\/api.w.org\/{rel}","templated":true}]}}