{"id":832,"date":"2013-05-09T00:10:52","date_gmt":"2013-05-09T06:10:52","guid":{"rendered":"http:\/\/www.vko.cz\/VKOweb\/?p=832"},"modified":"2013-05-09T00:10:52","modified_gmt":"2013-05-09T06:10:52","slug":"klubove-sako-130let-vko","status":"publish","type":"post","link":"http:\/\/www.vko.cz\/VKOweb\/klubove-sako-130let-vko\/","title":{"rendered":"Klubov\u00e9 sako 130let VKO"},"content":{"rendered":"<p>V\u00a0r\u00e1mci oslav 130 v\u00fdro\u010d\u00ed klubu, budou vydan\u00e1 klubov\u00e1 saka v p\u00e1nsk\u00e9m i d\u00e1msk\u00e9m st\u0159ihu. Kdo m\u00e1 z\u00e1jem a\u0165 se dostav\u00ed 4.6.2013 v 17.hod. na m\u011b\u0159en\u00ed velikosti saka.<\/p>\n","protected":false},"excerpt":{"rendered":"<p>V\u00a0r\u00e1mci oslav 130 v\u00fdro\u010d\u00ed klubu, budou vydan\u00e1 klubov\u00e1 saka v p\u00e1nsk\u00e9m i d\u00e1msk\u00e9m st\u0159ihu. Kdo m\u00e1 z\u00e1jem a\u0165 se dostav\u00ed 4.6.2013 v 17.hod. na m\u011b\u0159en\u00ed velikosti saka.<\/p>\n","protected":false},"author":5,"featured_media":0,"comment_status":"open","ping_status":"closed","sticky":false,"template":"","format":"standard","meta":{"footnotes":""},"categories":[5],"tags":[],"_links":{"self":[{"href":"http:\/\/www.vko.cz\/VKOweb\/wp-json\/wp\/v2\/posts\/832"}],"collection":[{"href":"http:\/\/www.vko.cz\/VKOweb\/wp-json\/wp\/v2\/posts"}],"about":[{"href":"http:\/\/www.vko.cz\/VKOweb\/wp-json\/wp\/v2\/types\/post"}],"author":[{"embeddable":true,"href":"http:\/\/www.vko.cz\/VKOweb\/wp-json\/wp\/v2\/users\/5"}],"replies":[{"embeddable":true,"href":"http:\/\/www.vko.cz\/VKOweb\/wp-json\/wp\/v2\/comments?post=832"}],"version-history":[{"count":1,"href":"http:\/\/www.vko.cz\/VKOweb\/wp-json\/wp\/v2\/posts\/832\/revisions"}],"predecessor-version":[{"id":833,"href":"http:\/\/www.vko.cz\/VKOweb\/wp-json\/wp\/v2\/posts\/832\/revisions\/833"}],"wp:attachment":[{"href":"http:\/\/www.vko.cz\/VKOweb\/wp-json\/wp\/v2\/media?parent=832"}],"wp:term":[{"taxonomy":"category","embeddable":true,"href":"http:\/\/www.vko.cz\/VKOweb\/wp-json\/wp\/v2\/categories?post=832"},{"taxonomy":"post_tag","embeddable":true,"href":"http:\/\/www.vko.cz\/VKOweb\/wp-json\/wp\/v2\/tags?post=832"}],"curies":[{"name":"wp","href":"https:\/\/api.w.org\/{rel}","templated":true}]}}