{"id":825,"date":"2013-04-08T04:36:13","date_gmt":"2013-04-08T10:36:13","guid":{"rendered":"http:\/\/www.vko.cz\/VKOweb\/?p=825"},"modified":"2013-04-08T04:36:43","modified_gmt":"2013-04-08T10:36:43","slug":"mcr-na-dlouhe-trati-2013","status":"publish","type":"post","link":"http:\/\/www.vko.cz\/VKOweb\/mcr-na-dlouhe-trati-2013\/","title":{"rendered":"M\u010cR na dlouh\u00e9 trati 2013"},"content":{"rendered":"<p>V sobotu 6.4.2013 se na plavebn\u00edm kan\u00e1le v Ho\u0159\u00edn\u011b konalo leto\u0161n\u00ed prv\u00e9 Mistrovstv\u00ed \u010cR ve veslov\u00e1n\u00ed. Z na\u0161ich vesla\u0159\u016f jel nejl\u00e9pe Martin Lacina v konkurenci 61 dorostenc\u016f skon\u010dil na 30.m\u00edst\u011b. podrobn\u00e9 v\u00fdsledky zde: <a href=\"http:\/\/www.sportis.cz\/csv.php?id=1381&amp;co=vysledky\">http:\/\/www.sportis.cz\/csv.php?id=1381&amp;co=vysledky<\/a>\u00a0a jedna fotka zde: <a href=\"http:\/\/vko1883.rajce.idnes.cz\/MCR_na_dlouhe_trati_2013#Fotografie0451.jpg\">http:\/\/vko1883.rajce.idnes.cz\/MCR_na_dlouhe_trati_2013#Fotografie0451.jpg<\/a><\/p>\n","protected":false},"excerpt":{"rendered":"<p>V sobotu 6.4.2013 se na plavebn\u00edm kan\u00e1le v Ho\u0159\u00edn\u011b konalo leto\u0161n\u00ed prv\u00e9 Mistrovstv\u00ed \u010cR ve veslov\u00e1n\u00ed. Z na\u0161ich vesla\u0159\u016f jel nejl\u00e9pe Martin Lacina v konkurenci 61 dorostenc\u016f skon\u010dil na 30.m\u00edst\u011b. podrobn\u00e9 v\u00fdsledky zde: http:\/\/www.sportis.cz\/csv.php?id=1381&amp;co=vysledky\u00a0a jedna<a class=\"read-more\" href=\"http:\/\/www.vko.cz\/VKOweb\/mcr-na-dlouhe-trati-2013\/\">\u010d\u00edst d\u00e1le..<\/a><\/p>\n","protected":false},"author":5,"featured_media":0,"comment_status":"open","ping_status":"closed","sticky":false,"template":"","format":"standard","meta":{"footnotes":""},"categories":[5],"tags":[],"_links":{"self":[{"href":"http:\/\/www.vko.cz\/VKOweb\/wp-json\/wp\/v2\/posts\/825"}],"collection":[{"href":"http:\/\/www.vko.cz\/VKOweb\/wp-json\/wp\/v2\/posts"}],"about":[{"href":"http:\/\/www.vko.cz\/VKOweb\/wp-json\/wp\/v2\/types\/post"}],"author":[{"embeddable":true,"href":"http:\/\/www.vko.cz\/VKOweb\/wp-json\/wp\/v2\/users\/5"}],"replies":[{"embeddable":true,"href":"http:\/\/www.vko.cz\/VKOweb\/wp-json\/wp\/v2\/comments?post=825"}],"version-history":[{"count":2,"href":"http:\/\/www.vko.cz\/VKOweb\/wp-json\/wp\/v2\/posts\/825\/revisions"}],"predecessor-version":[{"id":827,"href":"http:\/\/www.vko.cz\/VKOweb\/wp-json\/wp\/v2\/posts\/825\/revisions\/827"}],"wp:attachment":[{"href":"http:\/\/www.vko.cz\/VKOweb\/wp-json\/wp\/v2\/media?parent=825"}],"wp:term":[{"taxonomy":"category","embeddable":true,"href":"http:\/\/www.vko.cz\/VKOweb\/wp-json\/wp\/v2\/categories?post=825"},{"taxonomy":"post_tag","embeddable":true,"href":"http:\/\/www.vko.cz\/VKOweb\/wp-json\/wp\/v2\/tags?post=825"}],"curies":[{"name":"wp","href":"https:\/\/api.w.org\/{rel}","templated":true}]}}