{"id":816,"date":"2013-03-25T00:55:43","date_gmt":"2013-03-25T06:55:43","guid":{"rendered":"http:\/\/www.vko.cz\/VKOweb\/?p=816"},"modified":"2013-03-25T01:01:41","modified_gmt":"2013-03-25T07:01:41","slug":"memorial-m-sedy","status":"publish","type":"post","link":"http:\/\/www.vko.cz\/VKOweb\/memorial-m-sedy\/","title":{"rendered":"Memori\u00e1l M. \u0160edy"},"content":{"rendered":"<p>24.b\u0159ezna 2013 byla zah\u00e1jena vesla\u0159sk\u00e1 sezona. Na zamrzaj\u00edc\u00ed Vltav\u011b vyrazil Martin Lacina k sv\u00e9mu prvn\u00edmu z\u00e1vodu na vod\u011b 4.m\u00edsto. Pro Sabinu J\u00e1nskou to byl t\u00e9\u017e prvn\u00ed z\u00e1vod na dlouh\u00e9 trati,ale ta byla odm\u011bn\u011bna medail\u00ed za prvn\u00ed m\u00edsto. V juniorech si tak\u00e9 medailov\u011b vedl Jan Ku\u010dera. <a href=\"http:\/\/vko1883.rajce.idnes.cz\/Seda_2013\">http:\/\/vko1883.rajce.idnes.cz\/Seda_2013<\/a><\/p>\n","protected":false},"excerpt":{"rendered":"<p>24.b\u0159ezna 2013 byla zah\u00e1jena vesla\u0159sk\u00e1 sezona. Na zamrzaj\u00edc\u00ed Vltav\u011b vyrazil Martin Lacina k sv\u00e9mu prvn\u00edmu z\u00e1vodu na vod\u011b 4.m\u00edsto. Pro Sabinu J\u00e1nskou to byl t\u00e9\u017e prvn\u00ed z\u00e1vod na dlouh\u00e9 trati,ale ta byla odm\u011bn\u011bna medail\u00ed za<a class=\"read-more\" href=\"http:\/\/www.vko.cz\/VKOweb\/memorial-m-sedy\/\">\u010d\u00edst d\u00e1le..<\/a><\/p>\n","protected":false},"author":5,"featured_media":0,"comment_status":"open","ping_status":"closed","sticky":false,"template":"","format":"standard","meta":{"footnotes":""},"categories":[5],"tags":[],"_links":{"self":[{"href":"http:\/\/www.vko.cz\/VKOweb\/wp-json\/wp\/v2\/posts\/816"}],"collection":[{"href":"http:\/\/www.vko.cz\/VKOweb\/wp-json\/wp\/v2\/posts"}],"about":[{"href":"http:\/\/www.vko.cz\/VKOweb\/wp-json\/wp\/v2\/types\/post"}],"author":[{"embeddable":true,"href":"http:\/\/www.vko.cz\/VKOweb\/wp-json\/wp\/v2\/users\/5"}],"replies":[{"embeddable":true,"href":"http:\/\/www.vko.cz\/VKOweb\/wp-json\/wp\/v2\/comments?post=816"}],"version-history":[{"count":3,"href":"http:\/\/www.vko.cz\/VKOweb\/wp-json\/wp\/v2\/posts\/816\/revisions"}],"predecessor-version":[{"id":819,"href":"http:\/\/www.vko.cz\/VKOweb\/wp-json\/wp\/v2\/posts\/816\/revisions\/819"}],"wp:attachment":[{"href":"http:\/\/www.vko.cz\/VKOweb\/wp-json\/wp\/v2\/media?parent=816"}],"wp:term":[{"taxonomy":"category","embeddable":true,"href":"http:\/\/www.vko.cz\/VKOweb\/wp-json\/wp\/v2\/categories?post=816"},{"taxonomy":"post_tag","embeddable":true,"href":"http:\/\/www.vko.cz\/VKOweb\/wp-json\/wp\/v2\/tags?post=816"}],"curies":[{"name":"wp","href":"https:\/\/api.w.org\/{rel}","templated":true}]}}