{"id":805,"date":"2013-03-03T23:53:40","date_gmt":"2013-03-04T05:53:40","guid":{"rendered":"http:\/\/www.vko.cz\/VKOweb\/?p=805"},"modified":"2013-03-03T23:54:28","modified_gmt":"2013-03-04T05:54:28","slug":"jarni-prespolni-beh-v-lounech-2","status":"publish","type":"post","link":"http:\/\/www.vko.cz\/VKOweb\/jarni-prespolni-beh-v-lounech-2\/","title":{"rendered":"Jarn\u00ed p\u0159espoln\u00ed b\u011bh v Lounech"},"content":{"rendered":"<p>V ned\u011bli 3.3. jsme se z\u00fa\u010dastnili jarn\u00edho b\u011bhu. Mezi atlety se na\u00a0 medailov\u00e9 pozice prosadil Martin Lacina. Dob\u011bhl si pro druh\u00e9 m\u00edsto. foto:<a href=\"http:\/\/vko1883.rajce.idnes.cz\/jarni_prespolni_beh_2013\">http:\/\/vko1883.rajce.idnes.cz\/jarni_prespolni_beh_2013<\/a><\/p>\n","protected":false},"excerpt":{"rendered":"<p>V ned\u011bli 3.3. jsme se z\u00fa\u010dastnili jarn\u00edho b\u011bhu. Mezi atlety se na\u00a0 medailov\u00e9 pozice prosadil Martin Lacina. Dob\u011bhl si pro druh\u00e9 m\u00edsto. foto:http:\/\/vko1883.rajce.idnes.cz\/jarni_prespolni_beh_2013<\/p>\n","protected":false},"author":5,"featured_media":0,"comment_status":"open","ping_status":"closed","sticky":false,"template":"","format":"standard","meta":{"footnotes":""},"categories":[5],"tags":[],"_links":{"self":[{"href":"http:\/\/www.vko.cz\/VKOweb\/wp-json\/wp\/v2\/posts\/805"}],"collection":[{"href":"http:\/\/www.vko.cz\/VKOweb\/wp-json\/wp\/v2\/posts"}],"about":[{"href":"http:\/\/www.vko.cz\/VKOweb\/wp-json\/wp\/v2\/types\/post"}],"author":[{"embeddable":true,"href":"http:\/\/www.vko.cz\/VKOweb\/wp-json\/wp\/v2\/users\/5"}],"replies":[{"embeddable":true,"href":"http:\/\/www.vko.cz\/VKOweb\/wp-json\/wp\/v2\/comments?post=805"}],"version-history":[{"count":2,"href":"http:\/\/www.vko.cz\/VKOweb\/wp-json\/wp\/v2\/posts\/805\/revisions"}],"predecessor-version":[{"id":807,"href":"http:\/\/www.vko.cz\/VKOweb\/wp-json\/wp\/v2\/posts\/805\/revisions\/807"}],"wp:attachment":[{"href":"http:\/\/www.vko.cz\/VKOweb\/wp-json\/wp\/v2\/media?parent=805"}],"wp:term":[{"taxonomy":"category","embeddable":true,"href":"http:\/\/www.vko.cz\/VKOweb\/wp-json\/wp\/v2\/categories?post=805"},{"taxonomy":"post_tag","embeddable":true,"href":"http:\/\/www.vko.cz\/VKOweb\/wp-json\/wp\/v2\/tags?post=805"}],"curies":[{"name":"wp","href":"https:\/\/api.w.org\/{rel}","templated":true}]}}