{"id":789,"date":"2013-01-21T01:19:17","date_gmt":"2013-01-21T07:19:17","guid":{"rendered":"http:\/\/www.vko.cz\/VKOweb\/?p=789"},"modified":"2013-01-21T01:19:17","modified_gmt":"2013-01-21T07:19:17","slug":"sportovec-okresu-2012","status":"publish","type":"post","link":"http:\/\/www.vko.cz\/VKOweb\/sportovec-okresu-2012\/","title":{"rendered":"Sportovec okresu 2012"},"content":{"rendered":"<p>Na\u0161e nejlep\u0161\u00ed vesla\u0159ka sez\u00f3ny 2012 B\u00e1ra Jandov\u00e1 se um\u00edstila v anket\u011b Sportovec okresu. Mezi ne\u00fasp\u011b\u0161n\u011bj\u0161\u00edmi sportovci z regionu obsadila osmou p\u0159\u00ed\u010dku. <a href=\"http:\/\/zatecky.denik.cz\/zpravy_region\/sportovec_roku_zatec_vyhlaseni_20130118.html\">http:\/\/zatecky.denik.cz\/zpravy_region\/sportovec_roku_zatec_vyhlaseni_20130118.html<\/a><\/p>\n","protected":false},"excerpt":{"rendered":"<p>Na\u0161e nejlep\u0161\u00ed vesla\u0159ka sez\u00f3ny 2012 B\u00e1ra Jandov\u00e1 se um\u00edstila v anket\u011b Sportovec okresu. Mezi ne\u00fasp\u011b\u0161n\u011bj\u0161\u00edmi sportovci z regionu obsadila osmou p\u0159\u00ed\u010dku. http:\/\/zatecky.denik.cz\/zpravy_region\/sportovec_roku_zatec_vyhlaseni_20130118.html<\/p>\n","protected":false},"author":5,"featured_media":0,"comment_status":"open","ping_status":"closed","sticky":false,"template":"","format":"standard","meta":{"footnotes":""},"categories":[5],"tags":[],"_links":{"self":[{"href":"http:\/\/www.vko.cz\/VKOweb\/wp-json\/wp\/v2\/posts\/789"}],"collection":[{"href":"http:\/\/www.vko.cz\/VKOweb\/wp-json\/wp\/v2\/posts"}],"about":[{"href":"http:\/\/www.vko.cz\/VKOweb\/wp-json\/wp\/v2\/types\/post"}],"author":[{"embeddable":true,"href":"http:\/\/www.vko.cz\/VKOweb\/wp-json\/wp\/v2\/users\/5"}],"replies":[{"embeddable":true,"href":"http:\/\/www.vko.cz\/VKOweb\/wp-json\/wp\/v2\/comments?post=789"}],"version-history":[{"count":1,"href":"http:\/\/www.vko.cz\/VKOweb\/wp-json\/wp\/v2\/posts\/789\/revisions"}],"predecessor-version":[{"id":790,"href":"http:\/\/www.vko.cz\/VKOweb\/wp-json\/wp\/v2\/posts\/789\/revisions\/790"}],"wp:attachment":[{"href":"http:\/\/www.vko.cz\/VKOweb\/wp-json\/wp\/v2\/media?parent=789"}],"wp:term":[{"taxonomy":"category","embeddable":true,"href":"http:\/\/www.vko.cz\/VKOweb\/wp-json\/wp\/v2\/categories?post=789"},{"taxonomy":"post_tag","embeddable":true,"href":"http:\/\/www.vko.cz\/VKOweb\/wp-json\/wp\/v2\/tags?post=789"}],"curies":[{"name":"wp","href":"https:\/\/api.w.org\/{rel}","templated":true}]}}