{"id":773,"date":"2012-12-17T01:03:09","date_gmt":"2012-12-17T07:03:09","guid":{"rendered":"http:\/\/www.vko.cz\/VKOweb\/?p=773"},"modified":"2012-12-17T01:07:24","modified_gmt":"2012-12-17T07:07:24","slug":"ii-kolo-ceskeho-poharu-na-trenazerech","status":"publish","type":"post","link":"http:\/\/www.vko.cz\/VKOweb\/ii-kolo-ceskeho-poharu-na-trenazerech\/","title":{"rendered":"II. kolo \u010cesk\u00e9ho poh\u00e1ru na trena\u017e\u00e9rech"},"content":{"rendered":"<p>15.12. se poprv\u00e9 zapojil do \u010cesk\u00e9ho poh\u00e1ru n\u00e1\u0161 dorost. Sabina J\u00e1nsk\u00e1 si vedla velice dob\u0159e a ve sv\u00e9m prvn\u00edm z\u00e1vod\u011b na trena\u017e\u00e9ru dojela na 15.m\u00edst\u011b z 31 startuj\u00edc\u00edch. Martina Lacinu \u010dekal prvn\u00ed start mezi vesla\u0159i a i on si vedl velice zdatn\u011b v konkurenci 52 dorostenc\u016f dojel na v\u00fdborn\u00e9m 23.m\u00edst\u011b. V mu\u017e\u00edch startoval Roman Vurbs 30.m\u00edsto. V\u00fdsledky jsou zde <a href=\"http:\/\/www.ceskeveslovani.cz\/ii-kolo-poharu-v-jizde-na-veslarskem-trenazeru-praha\">http:\/\/www.ceskeveslovani.cz\/ii-kolo-poharu-v-jizde-na-veslarskem-trenazeru-praha<\/a>\u00a0a p\u00e1r fotek z trena\u017e\u00e9r\u016f a ned\u011bln\u00edho ly\u017eov\u00e1n\u00ed <a href=\"http:\/\/vko1883.rajce.idnes.cz\/vikend_veslaru\">http:\/\/vko1883.rajce.idnes.cz\/vikend_veslaru<\/a><\/p>\n","protected":false},"excerpt":{"rendered":"<p>15.12. se poprv\u00e9 zapojil do \u010cesk\u00e9ho poh\u00e1ru n\u00e1\u0161 dorost. Sabina J\u00e1nsk\u00e1 si vedla velice dob\u0159e a ve sv\u00e9m prvn\u00edm z\u00e1vod\u011b na trena\u017e\u00e9ru dojela na 15.m\u00edst\u011b z 31 startuj\u00edc\u00edch. Martina Lacinu \u010dekal prvn\u00ed start mezi vesla\u0159i<a class=\"read-more\" href=\"http:\/\/www.vko.cz\/VKOweb\/ii-kolo-ceskeho-poharu-na-trenazerech\/\">\u010d\u00edst d\u00e1le..<\/a><\/p>\n","protected":false},"author":5,"featured_media":0,"comment_status":"open","ping_status":"closed","sticky":false,"template":"","format":"standard","meta":{"footnotes":""},"categories":[5],"tags":[],"_links":{"self":[{"href":"http:\/\/www.vko.cz\/VKOweb\/wp-json\/wp\/v2\/posts\/773"}],"collection":[{"href":"http:\/\/www.vko.cz\/VKOweb\/wp-json\/wp\/v2\/posts"}],"about":[{"href":"http:\/\/www.vko.cz\/VKOweb\/wp-json\/wp\/v2\/types\/post"}],"author":[{"embeddable":true,"href":"http:\/\/www.vko.cz\/VKOweb\/wp-json\/wp\/v2\/users\/5"}],"replies":[{"embeddable":true,"href":"http:\/\/www.vko.cz\/VKOweb\/wp-json\/wp\/v2\/comments?post=773"}],"version-history":[{"count":3,"href":"http:\/\/www.vko.cz\/VKOweb\/wp-json\/wp\/v2\/posts\/773\/revisions"}],"predecessor-version":[{"id":776,"href":"http:\/\/www.vko.cz\/VKOweb\/wp-json\/wp\/v2\/posts\/773\/revisions\/776"}],"wp:attachment":[{"href":"http:\/\/www.vko.cz\/VKOweb\/wp-json\/wp\/v2\/media?parent=773"}],"wp:term":[{"taxonomy":"category","embeddable":true,"href":"http:\/\/www.vko.cz\/VKOweb\/wp-json\/wp\/v2\/categories?post=773"},{"taxonomy":"post_tag","embeddable":true,"href":"http:\/\/www.vko.cz\/VKOweb\/wp-json\/wp\/v2\/tags?post=773"}],"curies":[{"name":"wp","href":"https:\/\/api.w.org\/{rel}","templated":true}]}}