{"id":697,"date":"2012-06-04T23:47:11","date_gmt":"2012-06-05T05:47:11","guid":{"rendered":"http:\/\/www.vko.cz\/VKOweb\/?p=697"},"modified":"2012-06-04T23:47:11","modified_gmt":"2012-06-05T05:47:11","slug":"pozvanka-na-ucteni-pamatky","status":"publish","type":"post","link":"http:\/\/www.vko.cz\/VKOweb\/pozvanka-na-ucteni-pamatky\/","title":{"rendered":"Pozv\u00e1nka na uct\u011bn\u00ed pam\u00e1tky"},"content":{"rendered":"<p><a rel=\"attachment wp-att-698\" href=\"http:\/\/www.vko.cz\/VKOweb\/pozvanka-na-ucteni-pamatky\/pozvanka-na-pomnik-2012\/\">Pozv\u00e1nka na pomn\u00edk 2012<\/a><\/p>\n","protected":false},"excerpt":{"rendered":"<p>Pozv\u00e1nka na pomn\u00edk 2012<\/p>\n","protected":false},"author":5,"featured_media":0,"comment_status":"open","ping_status":"closed","sticky":false,"template":"","format":"standard","meta":{"footnotes":""},"categories":[5],"tags":[],"_links":{"self":[{"href":"http:\/\/www.vko.cz\/VKOweb\/wp-json\/wp\/v2\/posts\/697"}],"collection":[{"href":"http:\/\/www.vko.cz\/VKOweb\/wp-json\/wp\/v2\/posts"}],"about":[{"href":"http:\/\/www.vko.cz\/VKOweb\/wp-json\/wp\/v2\/types\/post"}],"author":[{"embeddable":true,"href":"http:\/\/www.vko.cz\/VKOweb\/wp-json\/wp\/v2\/users\/5"}],"replies":[{"embeddable":true,"href":"http:\/\/www.vko.cz\/VKOweb\/wp-json\/wp\/v2\/comments?post=697"}],"version-history":[{"count":2,"href":"http:\/\/www.vko.cz\/VKOweb\/wp-json\/wp\/v2\/posts\/697\/revisions"}],"predecessor-version":[{"id":700,"href":"http:\/\/www.vko.cz\/VKOweb\/wp-json\/wp\/v2\/posts\/697\/revisions\/700"}],"wp:attachment":[{"href":"http:\/\/www.vko.cz\/VKOweb\/wp-json\/wp\/v2\/media?parent=697"}],"wp:term":[{"taxonomy":"category","embeddable":true,"href":"http:\/\/www.vko.cz\/VKOweb\/wp-json\/wp\/v2\/categories?post=697"},{"taxonomy":"post_tag","embeddable":true,"href":"http:\/\/www.vko.cz\/VKOweb\/wp-json\/wp\/v2\/tags?post=697"}],"curies":[{"name":"wp","href":"https:\/\/api.w.org\/{rel}","templated":true}]}}