{"id":688,"date":"2012-05-28T01:49:47","date_gmt":"2012-05-28T07:49:47","guid":{"rendered":"http:\/\/www.vko.cz\/VKOweb\/?p=688"},"modified":"2012-05-28T01:49:47","modified_gmt":"2012-05-28T07:49:47","slug":"lysa-nad-labem-2012","status":"publish","type":"post","link":"http:\/\/www.vko.cz\/VKOweb\/lysa-nad-labem-2012\/","title":{"rendered":"Lys\u00e1 nad Labem 2012"},"content":{"rendered":"<p>O v\u00edkendu 26-27.5 \u0159\u00e1dili Loun\u0161t\u00ed vesla\u0159i v Lys\u00e9 nad Labem. V \u017eactvu byli na\u0161imi \u00a0nejlep\u0161\u00edmi vesla\u0159i s dv\u011bma v\u00edt\u011bzstv\u00edmi Pavel Jar\u00fd, B\u00e1ra Jandov\u00e1, Hanka Lavi\u010dkov\u00e1. Ivana Ka\u0161kov\u00e1 zv\u00edt\u011bzila jednou. A osma veter\u00e1n\u016f porazila o generaci mlad\u0161\u00ed mu\u017ee.<a rel=\"attachment wp-att-689\" href=\"http:\/\/www.vko.cz\/VKOweb\/lysa-nad-labem-2012\/vysledky-2012\/\">v\u00fdsledky.2012<\/a>\u00a0prvn\u00ed v\u00e1rka fotek z telefonu. omluvte sn\u00ed\u017eenou kvalitu:<a href=\"http:\/\/vko1883.rajce.idnes.cz\/Lysa_nad_Labem_2012\">http:\/\/vko1883.rajce.idnes.cz\/Lysa_nad_Labem_2012<\/a><\/p>\n","protected":false},"excerpt":{"rendered":"<p>O v\u00edkendu 26-27.5 \u0159\u00e1dili Loun\u0161t\u00ed vesla\u0159i v Lys\u00e9 nad Labem. V \u017eactvu byli na\u0161imi \u00a0nejlep\u0161\u00edmi vesla\u0159i s dv\u011bma v\u00edt\u011bzstv\u00edmi Pavel Jar\u00fd, B\u00e1ra Jandov\u00e1, Hanka Lavi\u010dkov\u00e1. Ivana Ka\u0161kov\u00e1 zv\u00edt\u011bzila jednou. A osma veter\u00e1n\u016f porazila o generaci<a class=\"read-more\" href=\"http:\/\/www.vko.cz\/VKOweb\/lysa-nad-labem-2012\/\">\u010d\u00edst d\u00e1le..<\/a><\/p>\n","protected":false},"author":5,"featured_media":0,"comment_status":"open","ping_status":"closed","sticky":false,"template":"","format":"standard","meta":{"footnotes":""},"categories":[5],"tags":[],"_links":{"self":[{"href":"http:\/\/www.vko.cz\/VKOweb\/wp-json\/wp\/v2\/posts\/688"}],"collection":[{"href":"http:\/\/www.vko.cz\/VKOweb\/wp-json\/wp\/v2\/posts"}],"about":[{"href":"http:\/\/www.vko.cz\/VKOweb\/wp-json\/wp\/v2\/types\/post"}],"author":[{"embeddable":true,"href":"http:\/\/www.vko.cz\/VKOweb\/wp-json\/wp\/v2\/users\/5"}],"replies":[{"embeddable":true,"href":"http:\/\/www.vko.cz\/VKOweb\/wp-json\/wp\/v2\/comments?post=688"}],"version-history":[{"count":2,"href":"http:\/\/www.vko.cz\/VKOweb\/wp-json\/wp\/v2\/posts\/688\/revisions"}],"predecessor-version":[{"id":691,"href":"http:\/\/www.vko.cz\/VKOweb\/wp-json\/wp\/v2\/posts\/688\/revisions\/691"}],"wp:attachment":[{"href":"http:\/\/www.vko.cz\/VKOweb\/wp-json\/wp\/v2\/media?parent=688"}],"wp:term":[{"taxonomy":"category","embeddable":true,"href":"http:\/\/www.vko.cz\/VKOweb\/wp-json\/wp\/v2\/categories?post=688"},{"taxonomy":"post_tag","embeddable":true,"href":"http:\/\/www.vko.cz\/VKOweb\/wp-json\/wp\/v2\/tags?post=688"}],"curies":[{"name":"wp","href":"https:\/\/api.w.org\/{rel}","templated":true}]}}