{"id":657,"date":"2012-02-27T03:27:54","date_gmt":"2012-02-27T09:27:54","guid":{"rendered":"http:\/\/www.vko.cz\/VKOweb\/?p=657"},"modified":"2012-02-27T03:27:54","modified_gmt":"2012-02-27T09:27:54","slug":"horni-halze","status":"publish","type":"post","link":"http:\/\/www.vko.cz\/VKOweb\/horni-halze\/","title":{"rendered":"Horn\u00ed Hal\u017ee"},"content":{"rendered":"<p>V\u00edkend 25,26.2 jsme se rozlou\u010dili se zimou ma\u0161karn\u00edm rejem a v\u00fdletem na b\u011b\u017ek\u00e1ch.<a href=\"http:\/\/vko1883.rajce.idnes.cz\/Horni_Halze.\/\">http:\/\/vko1883.rajce.idnes.cz\/Horni_Halze.\/<\/a><a href=\"http:\/\/www.horni-halze.cz\/index.php?obsah=fotogalerie&amp;galerie=Maskarni\">http:\/\/www.horni-halze.cz\/index.php?obsah=fotogalerie&amp;galerie=Maskarni<\/a> rej 2012&amp;search=&amp;search=<\/p>\n","protected":false},"excerpt":{"rendered":"<p>V\u00edkend 25,26.2 jsme se rozlou\u010dili se zimou ma\u0161karn\u00edm rejem a v\u00fdletem na b\u011b\u017ek\u00e1ch.http:\/\/vko1883.rajce.idnes.cz\/Horni_Halze.\/http:\/\/www.horni-halze.cz\/index.php?obsah=fotogalerie&amp;galerie=Maskarni rej 2012&amp;search=&amp;search=<\/p>\n","protected":false},"author":5,"featured_media":0,"comment_status":"open","ping_status":"closed","sticky":false,"template":"","format":"standard","meta":{"footnotes":""},"categories":[5],"tags":[],"_links":{"self":[{"href":"http:\/\/www.vko.cz\/VKOweb\/wp-json\/wp\/v2\/posts\/657"}],"collection":[{"href":"http:\/\/www.vko.cz\/VKOweb\/wp-json\/wp\/v2\/posts"}],"about":[{"href":"http:\/\/www.vko.cz\/VKOweb\/wp-json\/wp\/v2\/types\/post"}],"author":[{"embeddable":true,"href":"http:\/\/www.vko.cz\/VKOweb\/wp-json\/wp\/v2\/users\/5"}],"replies":[{"embeddable":true,"href":"http:\/\/www.vko.cz\/VKOweb\/wp-json\/wp\/v2\/comments?post=657"}],"version-history":[{"count":2,"href":"http:\/\/www.vko.cz\/VKOweb\/wp-json\/wp\/v2\/posts\/657\/revisions"}],"predecessor-version":[{"id":659,"href":"http:\/\/www.vko.cz\/VKOweb\/wp-json\/wp\/v2\/posts\/657\/revisions\/659"}],"wp:attachment":[{"href":"http:\/\/www.vko.cz\/VKOweb\/wp-json\/wp\/v2\/media?parent=657"}],"wp:term":[{"taxonomy":"category","embeddable":true,"href":"http:\/\/www.vko.cz\/VKOweb\/wp-json\/wp\/v2\/categories?post=657"},{"taxonomy":"post_tag","embeddable":true,"href":"http:\/\/www.vko.cz\/VKOweb\/wp-json\/wp\/v2\/tags?post=657"}],"curies":[{"name":"wp","href":"https:\/\/api.w.org\/{rel}","templated":true}]}}