{"id":645,"date":"2012-02-07T07:53:08","date_gmt":"2012-02-07T13:53:08","guid":{"rendered":"http:\/\/www.vko.cz\/VKOweb\/?p=645"},"modified":"2012-02-07T07:53:08","modified_gmt":"2012-02-07T13:53:08","slug":"hrebecna-2012","status":"publish","type":"post","link":"http:\/\/www.vko.cz\/VKOweb\/hrebecna-2012\/","title":{"rendered":"H\u0159ebe\u010dn\u00e1 2012"},"content":{"rendered":"<p>V t\u0159eskut\u00fdch mrazech jsme se byli soust\u0159edit na horsk\u00e9 boud\u011b na H\u0159ebe\u010dn\u00fd. Pro ty, kdo letos \u00a0nebyli, je zde p\u00e1r fotek, jak jsme si u\u017e\u00edvali slun\u00ed\u010dka a sn\u011bhu.<a href=\"http:\/\/vko1883.rajce.idnes.cz\/Hrebecna_2012_a_nase_Ohre_pod_ledem\">http:\/\/vko1883.rajce.idnes.cz\/Hrebecna_2012_a_nase_Ohre_pod_ledem<\/a><\/p>\n","protected":false},"excerpt":{"rendered":"<p>V t\u0159eskut\u00fdch mrazech jsme se byli soust\u0159edit na horsk\u00e9 boud\u011b na H\u0159ebe\u010dn\u00fd. Pro ty, kdo letos \u00a0nebyli, je zde p\u00e1r fotek, jak jsme si u\u017e\u00edvali slun\u00ed\u010dka a sn\u011bhu.http:\/\/vko1883.rajce.idnes.cz\/Hrebecna_2012_a_nase_Ohre_pod_ledem<\/p>\n","protected":false},"author":5,"featured_media":0,"comment_status":"open","ping_status":"closed","sticky":false,"template":"","format":"standard","meta":{"footnotes":""},"categories":[5],"tags":[],"_links":{"self":[{"href":"http:\/\/www.vko.cz\/VKOweb\/wp-json\/wp\/v2\/posts\/645"}],"collection":[{"href":"http:\/\/www.vko.cz\/VKOweb\/wp-json\/wp\/v2\/posts"}],"about":[{"href":"http:\/\/www.vko.cz\/VKOweb\/wp-json\/wp\/v2\/types\/post"}],"author":[{"embeddable":true,"href":"http:\/\/www.vko.cz\/VKOweb\/wp-json\/wp\/v2\/users\/5"}],"replies":[{"embeddable":true,"href":"http:\/\/www.vko.cz\/VKOweb\/wp-json\/wp\/v2\/comments?post=645"}],"version-history":[{"count":1,"href":"http:\/\/www.vko.cz\/VKOweb\/wp-json\/wp\/v2\/posts\/645\/revisions"}],"predecessor-version":[{"id":646,"href":"http:\/\/www.vko.cz\/VKOweb\/wp-json\/wp\/v2\/posts\/645\/revisions\/646"}],"wp:attachment":[{"href":"http:\/\/www.vko.cz\/VKOweb\/wp-json\/wp\/v2\/media?parent=645"}],"wp:term":[{"taxonomy":"category","embeddable":true,"href":"http:\/\/www.vko.cz\/VKOweb\/wp-json\/wp\/v2\/categories?post=645"},{"taxonomy":"post_tag","embeddable":true,"href":"http:\/\/www.vko.cz\/VKOweb\/wp-json\/wp\/v2\/tags?post=645"}],"curies":[{"name":"wp","href":"https:\/\/api.w.org\/{rel}","templated":true}]}}