{"id":642,"date":"2012-01-30T01:21:58","date_gmt":"2012-01-30T07:21:58","guid":{"rendered":"http:\/\/www.vko.cz\/VKOweb\/?p=642"},"modified":"2012-01-30T01:22:08","modified_gmt":"2012-01-30T07:22:08","slug":"okresni-prebor-v-behu-na-lyzich","status":"publish","type":"post","link":"http:\/\/www.vko.cz\/VKOweb\/okresni-prebor-v-behu-na-lyzich\/","title":{"rendered":"Okresn\u00ed p\u0159ebor v b\u011bhu na ly\u017e\u00edch"},"content":{"rendered":"<p>28.1. se uskute\u010dnil okresn\u00ed p\u0159ebor v b\u011bhu na ly\u017e\u00edch na Horn\u00ed Hal\u017ei. Cel\u00e1 na\u0161e v\u00fdprava se um\u00edstila na medailov\u00fdch pozic\u00edch. \u017d\u00e1kyn\u011b vyhr\u00e1la B\u00e1ra Jandov\u00e1,juniory Jirka Hetzl,veter\u00e1ny Jirka Jeremi\u00e1\u0161, na druh\u00e9m m\u00edst\u011b Pepa Jeremi\u00e1\u0161 a na t\u0159et\u00edm Emil Lavi\u010dka.\u00a0 V \u017een\u00e1ch zv\u00edt\u011bzila Nicol Richterov\u00e1. <a href=\"http:\/\/www.horni-halze.cz\/index.php?obsah=detail_akce&amp;akce_id=10\">http:\/\/www.horni-halze.cz\/index.php?obsah=detail_akce&amp;akce_id=10<\/a><\/p>\n<p><a href=\"http:\/\/vko1883.rajce.idnes.cz\/Horni_Halze\">http:\/\/vko1883.rajce.idnes.cz\/Horni_Halze<\/a><\/p>\n","protected":false},"excerpt":{"rendered":"<p>28.1. se uskute\u010dnil okresn\u00ed p\u0159ebor v b\u011bhu na ly\u017e\u00edch na Horn\u00ed Hal\u017ei. Cel\u00e1 na\u0161e v\u00fdprava se um\u00edstila na medailov\u00fdch pozic\u00edch. \u017d\u00e1kyn\u011b vyhr\u00e1la B\u00e1ra Jandov\u00e1,juniory Jirka Hetzl,veter\u00e1ny Jirka Jeremi\u00e1\u0161, na druh\u00e9m m\u00edst\u011b Pepa Jeremi\u00e1\u0161 a na<a class=\"read-more\" href=\"http:\/\/www.vko.cz\/VKOweb\/okresni-prebor-v-behu-na-lyzich\/\">\u010d\u00edst d\u00e1le..<\/a><\/p>\n","protected":false},"author":5,"featured_media":0,"comment_status":"open","ping_status":"closed","sticky":false,"template":"","format":"standard","meta":{"footnotes":""},"categories":[5],"tags":[],"_links":{"self":[{"href":"http:\/\/www.vko.cz\/VKOweb\/wp-json\/wp\/v2\/posts\/642"}],"collection":[{"href":"http:\/\/www.vko.cz\/VKOweb\/wp-json\/wp\/v2\/posts"}],"about":[{"href":"http:\/\/www.vko.cz\/VKOweb\/wp-json\/wp\/v2\/types\/post"}],"author":[{"embeddable":true,"href":"http:\/\/www.vko.cz\/VKOweb\/wp-json\/wp\/v2\/users\/5"}],"replies":[{"embeddable":true,"href":"http:\/\/www.vko.cz\/VKOweb\/wp-json\/wp\/v2\/comments?post=642"}],"version-history":[{"count":2,"href":"http:\/\/www.vko.cz\/VKOweb\/wp-json\/wp\/v2\/posts\/642\/revisions"}],"predecessor-version":[{"id":644,"href":"http:\/\/www.vko.cz\/VKOweb\/wp-json\/wp\/v2\/posts\/642\/revisions\/644"}],"wp:attachment":[{"href":"http:\/\/www.vko.cz\/VKOweb\/wp-json\/wp\/v2\/media?parent=642"}],"wp:term":[{"taxonomy":"category","embeddable":true,"href":"http:\/\/www.vko.cz\/VKOweb\/wp-json\/wp\/v2\/categories?post=642"},{"taxonomy":"post_tag","embeddable":true,"href":"http:\/\/www.vko.cz\/VKOweb\/wp-json\/wp\/v2\/tags?post=642"}],"curies":[{"name":"wp","href":"https:\/\/api.w.org\/{rel}","templated":true}]}}