{"id":633,"date":"2012-01-09T00:55:18","date_gmt":"2012-01-09T06:55:18","guid":{"rendered":"http:\/\/www.vko.cz\/VKOweb\/?p=633"},"modified":"2012-01-09T00:55:18","modified_gmt":"2012-01-09T06:55:18","slug":"lll-kolo-poharu-mladeze-v-pardubicich","status":"publish","type":"post","link":"http:\/\/www.vko.cz\/VKOweb\/lll-kolo-poharu-mladeze-v-pardubicich\/","title":{"rendered":"lll kolo Poh\u00e1ru ml\u00e1de\u017ee v Pardubic\u00edch"},"content":{"rendered":"<p>Nejen Ondra Synek a Ondra Vete\u0161n\u00edk si zajeli sv\u00e9 osob\u00e1ky na trena\u017e\u00e9rech\u00a0v Pardubic\u00edch 8.ledna. \u00a0Sv\u00e9 osobn\u00ed maximum si zajeli\u00a0loun\u0161t\u00ed junio\u0159i Roman Vurbs 6:33 7.m\u00edsto a Honza Ku\u010dera 6:57 22.m\u00edsto.\u00a0 S pouze pr\u016fm\u011brn\u00fdm \u010dasem dojel na 17.m\u00edst\u011b Jirka Hetzl.v\u00fdsledky:<a href=\"http:\/\/www.veslo.cz\/xix-mcr-dospelych-a-iii-kolo-poharu-mladeze-cr-2010-11-v-jizde-na-veslarskem-trenazeru0\">http:\/\/www.veslo.cz\/xix-mcr-dospelych-a-iii-kolo-poharu-mladeze-cr-2010-11-v-jizde-na-veslarskem-trenazeru0<\/a>\u00a0foto:<a href=\"http:\/\/vko1883.rajce.idnes.cz\/Pardubice_2012\">http:\/\/vko1883.rajce.idnes.cz\/Pardubice_2012<\/a><\/p>\n","protected":false},"excerpt":{"rendered":"<p>Nejen Ondra Synek a Ondra Vete\u0161n\u00edk si zajeli sv\u00e9 osob\u00e1ky na trena\u017e\u00e9rech\u00a0v Pardubic\u00edch 8.ledna. \u00a0Sv\u00e9 osobn\u00ed maximum si zajeli\u00a0loun\u0161t\u00ed junio\u0159i Roman Vurbs 6:33 7.m\u00edsto a Honza Ku\u010dera 6:57 22.m\u00edsto.\u00a0 S pouze pr\u016fm\u011brn\u00fdm \u010dasem dojel na<a class=\"read-more\" href=\"http:\/\/www.vko.cz\/VKOweb\/lll-kolo-poharu-mladeze-v-pardubicich\/\">\u010d\u00edst d\u00e1le..<\/a><\/p>\n","protected":false},"author":5,"featured_media":0,"comment_status":"open","ping_status":"closed","sticky":false,"template":"","format":"standard","meta":{"footnotes":""},"categories":[5],"tags":[],"_links":{"self":[{"href":"http:\/\/www.vko.cz\/VKOweb\/wp-json\/wp\/v2\/posts\/633"}],"collection":[{"href":"http:\/\/www.vko.cz\/VKOweb\/wp-json\/wp\/v2\/posts"}],"about":[{"href":"http:\/\/www.vko.cz\/VKOweb\/wp-json\/wp\/v2\/types\/post"}],"author":[{"embeddable":true,"href":"http:\/\/www.vko.cz\/VKOweb\/wp-json\/wp\/v2\/users\/5"}],"replies":[{"embeddable":true,"href":"http:\/\/www.vko.cz\/VKOweb\/wp-json\/wp\/v2\/comments?post=633"}],"version-history":[{"count":1,"href":"http:\/\/www.vko.cz\/VKOweb\/wp-json\/wp\/v2\/posts\/633\/revisions"}],"predecessor-version":[{"id":634,"href":"http:\/\/www.vko.cz\/VKOweb\/wp-json\/wp\/v2\/posts\/633\/revisions\/634"}],"wp:attachment":[{"href":"http:\/\/www.vko.cz\/VKOweb\/wp-json\/wp\/v2\/media?parent=633"}],"wp:term":[{"taxonomy":"category","embeddable":true,"href":"http:\/\/www.vko.cz\/VKOweb\/wp-json\/wp\/v2\/categories?post=633"},{"taxonomy":"post_tag","embeddable":true,"href":"http:\/\/www.vko.cz\/VKOweb\/wp-json\/wp\/v2\/tags?post=633"}],"curies":[{"name":"wp","href":"https:\/\/api.w.org\/{rel}","templated":true}]}}