{"id":618,"date":"2011-11-28T06:43:02","date_gmt":"2011-11-28T12:43:02","guid":{"rendered":"http:\/\/www.vko.cz\/VKOweb\/?p=618"},"modified":"2011-11-28T07:26:05","modified_gmt":"2011-11-28T13:26:05","slug":"xvll-verejny-halovy-triatlon-2","status":"publish","type":"post","link":"http:\/\/www.vko.cz\/VKOweb\/xvll-verejny-halovy-triatlon-2\/","title":{"rendered":"XVll. Ve\u0159ejn\u00fd halov\u00fd triatlon"},"content":{"rendered":"<p><strong>XVII. Ve\u0159ejn\u00fd halov\u00fd triatlon je za n\u00e1mi!<\/strong><\/p>\n<p><strong>V\u010dera ve ve\u010dern\u00edch hodin\u00e1ch vystoupili posledn\u00ed z\u00e1vodn\u00edci na stupn\u011b v\u00edt\u011bz\u016f a ud\u011blali tak te\u010dku za XVII. halov\u00fdm triatlonem v Lounech<\/strong><\/p>\n<p><strong>Po chvilce oddechu nezb\u00fdv\u00e1 ne\u017e leto\u0161n\u00ed ro\u010dn\u00edk vyhodnotit a pod\u011bkovat.<\/strong><\/p>\n<p><strong>Pod\u011bkovat v prvn\u00ed \u0159ad\u011b na\u0161im host\u016fm. P\u0159ij\u00ed\u017ed\u011bj\u00ed z velk\u00fdch d\u00e1lek a st\u00e1le se vracej\u00ed. Jako dob\u0159\u00ed holubi. Leto\u0161n\u00ed po\u010det p\u0159ihl\u00e1\u0161ek po uz\u00e1v\u011brce n\u00e1m tak trochu vyrazil dech. 444! \u010c\u00edslo zaj\u00edmav\u00e9 z numerologick\u00e9ho hlediska, ale extr\u00e9mn\u00ed v\u00fdzva pro po\u0159adatele. I po odhl\u00e1\u0161k\u00e1ch ze zdravotn\u00edch a logistick\u00fdch d\u016fvod\u016f se tento po\u010det ust\u00e1lil na 388! skute\u010dn\u011b startuj\u00edc\u00edch.<\/strong><\/p>\n<p><strong>Absolutn\u00ed rekord.<\/strong><\/p>\n<p><strong>I to se letos poda\u0159ilo zvl\u00e1dnout.<\/strong><\/p>\n<p><strong>Z\u00e1vody m\u011bly vynikaj\u00edc\u00ed sportovn\u00ed \u00farove\u0148.<\/strong><\/p>\n<p><strong>Velk\u00fd d\u00edk cel\u00e9mu realiza\u010dn\u00edmu t\u00fdmu VKO. Ruku k d\u00edlu p\u0159ilo\u017eil snad ka\u017ed\u00fd sou\u010dasn\u00fd, i \u0159ada b\u00fdval\u00fdch \u010dlen\u016f klubu.<\/strong><\/p>\n<p><strong>Technick\u00e9 a logistick\u00e9 z\u00e1zem\u00ed, stavba a bour\u00e1n\u00ed dr\u00e1hy, rozhod\u010d\u00ed, \u010dasom\u011b\u0159i\u010di a &#8222;aj\u0165\u00e1ci&#8220;, ti v\u0161ichni zasluhuj\u00ed ohromn\u00fd d\u00edk.<\/strong><\/p>\n<p><strong>Speci\u00e1ln\u011b bych cht\u011bl zm\u00ednit skupinu, kter\u00e9 \u0159\u00edk\u00e1me &#8222;Marcelini obrace\u010di&#8220;. Na nich stoj\u00ed \u00fasp\u011bch z\u00e1vodu a m\u00e1lokdo si um\u00ed p\u0159edstavit n\u00e1ro\u010dnost a zodpov\u011bdnost jejich 10 hodinov\u00e9ho v\u00fdkonu. Letos byli skv\u011bl\u00ed.<\/strong><\/p>\n<p><strong>Po 17 ro\u010dn\u00edc\u00edch u\u017e m\u00e1me mnoho zku\u0161enost\u00ed. P\u0159esto v\u00edt\u00e1me p\u0159ipom\u00ednky na\u0161ich host\u016f a spolu s na\u0161imi poznatky jich vyu\u017eijeme pro udr\u017een\u00ed a zv\u00fd\u0161en\u00ed kvality dal\u0161\u00edch ro\u010dn\u00edk\u016f. <\/strong><\/p>\n<p><strong>Proto\u017ee dal\u0161\u00ed ro\u010dn\u00edky ur\u010dit\u011b budou. Z VHT se stal fenom\u00e9n, kter\u00fd mus\u00ed pokra\u010dovat.<\/strong><\/p>\n<p><strong>Tak tedy d\u00edky v\u00e1m v\u0161em a po odezn\u011bn\u00ed \u00fanavy za\u010d\u00edn\u00e1me p\u0159ipravovat XVIII. ro\u010dn\u00edk.<\/strong><\/p>\n<p><strong>T\u011b\u0161\u00edme se nashledanou.<\/strong><\/p>\n<p><strong>\u00a0<\/strong><\/p>\n<p><strong>Ing. Jarom\u00edr Vorel<\/strong><\/p>\n<p><strong>P\u0159edseda VKO Louny<\/strong><\/p>\n<p><a href='http:\/\/www.vko.cz\/VKOweb\/wp-content\/uploads\/VHT_2011_stav_25_11_2011_8-58_1.pdf'> V\u00fdsledky VHT 2011 (pdf, 350 kB)<\/a><\/p>\n","protected":false},"excerpt":{"rendered":"<p>XVII. Ve\u0159ejn\u00fd halov\u00fd triatlon je za n\u00e1mi! V\u010dera ve ve\u010dern\u00edch hodin\u00e1ch vystoupili posledn\u00ed z\u00e1vodn\u00edci na stupn\u011b v\u00edt\u011bz\u016f a ud\u011blali tak te\u010dku za XVII. halov\u00fdm triatlonem v Lounech Po chvilce oddechu nezb\u00fdv\u00e1 ne\u017e leto\u0161n\u00ed ro\u010dn\u00edk vyhodnotit<a class=\"read-more\" href=\"http:\/\/www.vko.cz\/VKOweb\/xvll-verejny-halovy-triatlon-2\/\">\u010d\u00edst d\u00e1le..<\/a><\/p>\n","protected":false},"author":5,"featured_media":0,"comment_status":"open","ping_status":"closed","sticky":false,"template":"","format":"standard","meta":{"footnotes":""},"categories":[5],"tags":[],"_links":{"self":[{"href":"http:\/\/www.vko.cz\/VKOweb\/wp-json\/wp\/v2\/posts\/618"}],"collection":[{"href":"http:\/\/www.vko.cz\/VKOweb\/wp-json\/wp\/v2\/posts"}],"about":[{"href":"http:\/\/www.vko.cz\/VKOweb\/wp-json\/wp\/v2\/types\/post"}],"author":[{"embeddable":true,"href":"http:\/\/www.vko.cz\/VKOweb\/wp-json\/wp\/v2\/users\/5"}],"replies":[{"embeddable":true,"href":"http:\/\/www.vko.cz\/VKOweb\/wp-json\/wp\/v2\/comments?post=618"}],"version-history":[{"count":3,"href":"http:\/\/www.vko.cz\/VKOweb\/wp-json\/wp\/v2\/posts\/618\/revisions"}],"predecessor-version":[{"id":621,"href":"http:\/\/www.vko.cz\/VKOweb\/wp-json\/wp\/v2\/posts\/618\/revisions\/621"}],"wp:attachment":[{"href":"http:\/\/www.vko.cz\/VKOweb\/wp-json\/wp\/v2\/media?parent=618"}],"wp:term":[{"taxonomy":"category","embeddable":true,"href":"http:\/\/www.vko.cz\/VKOweb\/wp-json\/wp\/v2\/categories?post=618"},{"taxonomy":"post_tag","embeddable":true,"href":"http:\/\/www.vko.cz\/VKOweb\/wp-json\/wp\/v2\/tags?post=618"}],"curies":[{"name":"wp","href":"https:\/\/api.w.org\/{rel}","templated":true}]}}