{"id":605,"date":"2011-11-14T00:30:35","date_gmt":"2011-11-14T06:30:35","guid":{"rendered":"http:\/\/www.vko.cz\/VKOweb\/?p=605"},"modified":"2011-11-14T00:30:35","modified_gmt":"2011-11-14T06:30:35","slug":"zaba-2011-2","status":"publish","type":"post","link":"http:\/\/www.vko.cz\/VKOweb\/zaba-2011-2\/","title":{"rendered":"\u017d\u00e1ba 2011"},"content":{"rendered":"<p>V sobotu 12.11. jsme ukon\u010dili \u00fasp\u011b\u0161nou sez\u00f3nu 2011 a vyhl\u00e1sili jsme vesla\u0159ku sez\u00f3ny. Nominov\u00e1ni byli z Mistrovstv\u00ed republiky\u00a0&#8211;\u00a0T\u0159et\u00ed m\u00edsto: na skifu mlad\u0161\u00edch \u017e\u00e1ky\u0148 11let\u00a0 B\u00c1RA Jandov\u00e1,skif mlad\u0161\u00edch \u017e\u00e1ky\u0148 12let IVANA Ka\u0161kov\u00e1,dvojskif mlad\u0161\u00edch \u017e\u00e1k\u016f PETR Bl\u00e1ha a HONZA Le\u0161ko. Druh\u00e9 m\u00edsto na skifu mlad\u0161\u00edch \u017e\u00e1k\u016f:PAVEL Jar\u00fd,dvojskif mlad\u0161\u00edch \u017e\u00e1ky\u0148 IVANA Ka\u0161kov\u00e1 a B\u00c1RA Tr\u00e1vn\u00ed\u010dkov\u00e1. Nejlep\u0161\u00ed Vesla\u0159kou roku 2011 je IVANA Ka\u0161kov\u00e1. Gratulujeme: prvn\u00ed v\u00e1rka fotek:<a href=\"http:\/\/vko1883.rajce.idnes.cz\/Zaba_2011\">http:\/\/vko1883.rajce.idnes.cz\/Zaba_2011<\/a><\/p>\n","protected":false},"excerpt":{"rendered":"<p>V sobotu 12.11. jsme ukon\u010dili \u00fasp\u011b\u0161nou sez\u00f3nu 2011 a vyhl\u00e1sili jsme vesla\u0159ku sez\u00f3ny. Nominov\u00e1ni byli z Mistrovstv\u00ed republiky\u00a0&#8211;\u00a0T\u0159et\u00ed m\u00edsto: na skifu mlad\u0161\u00edch \u017e\u00e1ky\u0148 11let\u00a0 B\u00c1RA Jandov\u00e1,skif mlad\u0161\u00edch \u017e\u00e1ky\u0148 12let IVANA Ka\u0161kov\u00e1,dvojskif mlad\u0161\u00edch \u017e\u00e1k\u016f PETR Bl\u00e1ha<a class=\"read-more\" href=\"http:\/\/www.vko.cz\/VKOweb\/zaba-2011-2\/\">\u010d\u00edst d\u00e1le..<\/a><\/p>\n","protected":false},"author":5,"featured_media":0,"comment_status":"open","ping_status":"closed","sticky":false,"template":"","format":"standard","meta":{"footnotes":""},"categories":[5],"tags":[],"_links":{"self":[{"href":"http:\/\/www.vko.cz\/VKOweb\/wp-json\/wp\/v2\/posts\/605"}],"collection":[{"href":"http:\/\/www.vko.cz\/VKOweb\/wp-json\/wp\/v2\/posts"}],"about":[{"href":"http:\/\/www.vko.cz\/VKOweb\/wp-json\/wp\/v2\/types\/post"}],"author":[{"embeddable":true,"href":"http:\/\/www.vko.cz\/VKOweb\/wp-json\/wp\/v2\/users\/5"}],"replies":[{"embeddable":true,"href":"http:\/\/www.vko.cz\/VKOweb\/wp-json\/wp\/v2\/comments?post=605"}],"version-history":[{"count":1,"href":"http:\/\/www.vko.cz\/VKOweb\/wp-json\/wp\/v2\/posts\/605\/revisions"}],"predecessor-version":[{"id":606,"href":"http:\/\/www.vko.cz\/VKOweb\/wp-json\/wp\/v2\/posts\/605\/revisions\/606"}],"wp:attachment":[{"href":"http:\/\/www.vko.cz\/VKOweb\/wp-json\/wp\/v2\/media?parent=605"}],"wp:term":[{"taxonomy":"category","embeddable":true,"href":"http:\/\/www.vko.cz\/VKOweb\/wp-json\/wp\/v2\/categories?post=605"},{"taxonomy":"post_tag","embeddable":true,"href":"http:\/\/www.vko.cz\/VKOweb\/wp-json\/wp\/v2\/tags?post=605"}],"curies":[{"name":"wp","href":"https:\/\/api.w.org\/{rel}","templated":true}]}}