{"id":580,"date":"2011-10-10T00:14:48","date_gmt":"2011-10-10T06:14:48","guid":{"rendered":"http:\/\/www.vko.cz\/VKOweb\/?p=580"},"modified":"2011-10-10T00:14:48","modified_gmt":"2011-10-10T06:14:48","slug":"melnikraciceklagenfurt","status":"publish","type":"post","link":"http:\/\/www.vko.cz\/VKOweb\/melnikraciceklagenfurt\/","title":{"rendered":"M\u011bln\u00edk,Ra\u010dice,Klagenfurt"},"content":{"rendered":"<p>O\u00a0v\u00edkendu 8,9.10\u00a0se na\u0161i vesla\u0159i rozd\u011blili do t\u0159\u00ed men\u0161\u00edch skupin. Junio\u0159i Roman V. s Jirkou H. odjeli na reprezenta\u010dn\u00ed sraz do Ra\u010dic. V\u00fdbor n\u00e1s reprezentoval na oslav\u00e1ch 130. v\u00fdro\u010d\u00ed zalo\u017een\u00ed Klubu Vesla\u0159\u016f M\u011blnick\u00fdch.<a href=\"http:\/\/www.kvm1881.cz\/KVM1881Home.php\">http:\/\/www.kvm1881.cz\/KVM1881Home.php<\/a>. A Honza Ku\u010dera,Pavel B ml.,Nicol R,V\u00edta H n\u00e1s reprezentovali na 16km v Rakousku.<a href=\"http:\/\/www.rv-albatros.at\/index.php\">http:\/\/www.rv-albatros.at\/index.php<\/a><\/p>\n","protected":false},"excerpt":{"rendered":"<p>O\u00a0v\u00edkendu 8,9.10\u00a0se na\u0161i vesla\u0159i rozd\u011blili do t\u0159\u00ed men\u0161\u00edch skupin. Junio\u0159i Roman V. s Jirkou H. odjeli na reprezenta\u010dn\u00ed sraz do Ra\u010dic. V\u00fdbor n\u00e1s reprezentoval na oslav\u00e1ch 130. v\u00fdro\u010d\u00ed zalo\u017een\u00ed Klubu Vesla\u0159\u016f M\u011blnick\u00fdch.http:\/\/www.kvm1881.cz\/KVM1881Home.php. A Honza Ku\u010dera,Pavel<a class=\"read-more\" href=\"http:\/\/www.vko.cz\/VKOweb\/melnikraciceklagenfurt\/\">\u010d\u00edst d\u00e1le..<\/a><\/p>\n","protected":false},"author":5,"featured_media":0,"comment_status":"open","ping_status":"closed","sticky":false,"template":"","format":"standard","meta":{"footnotes":""},"categories":[5],"tags":[],"_links":{"self":[{"href":"http:\/\/www.vko.cz\/VKOweb\/wp-json\/wp\/v2\/posts\/580"}],"collection":[{"href":"http:\/\/www.vko.cz\/VKOweb\/wp-json\/wp\/v2\/posts"}],"about":[{"href":"http:\/\/www.vko.cz\/VKOweb\/wp-json\/wp\/v2\/types\/post"}],"author":[{"embeddable":true,"href":"http:\/\/www.vko.cz\/VKOweb\/wp-json\/wp\/v2\/users\/5"}],"replies":[{"embeddable":true,"href":"http:\/\/www.vko.cz\/VKOweb\/wp-json\/wp\/v2\/comments?post=580"}],"version-history":[{"count":1,"href":"http:\/\/www.vko.cz\/VKOweb\/wp-json\/wp\/v2\/posts\/580\/revisions"}],"predecessor-version":[{"id":581,"href":"http:\/\/www.vko.cz\/VKOweb\/wp-json\/wp\/v2\/posts\/580\/revisions\/581"}],"wp:attachment":[{"href":"http:\/\/www.vko.cz\/VKOweb\/wp-json\/wp\/v2\/media?parent=580"}],"wp:term":[{"taxonomy":"category","embeddable":true,"href":"http:\/\/www.vko.cz\/VKOweb\/wp-json\/wp\/v2\/categories?post=580"},{"taxonomy":"post_tag","embeddable":true,"href":"http:\/\/www.vko.cz\/VKOweb\/wp-json\/wp\/v2\/tags?post=580"}],"curies":[{"name":"wp","href":"https:\/\/api.w.org\/{rel}","templated":true}]}}