{"id":577,"date":"2011-10-06T00:20:53","date_gmt":"2011-10-06T06:20:53","guid":{"rendered":"http:\/\/www.vko.cz\/VKOweb\/?p=577"},"modified":"2011-10-06T00:20:53","modified_gmt":"2011-10-06T06:20:53","slug":"zimni-priprava","status":"publish","type":"post","link":"http:\/\/www.vko.cz\/VKOweb\/zimni-priprava\/","title":{"rendered":"Zimn\u00ed p\u0159\u00edprava"},"content":{"rendered":"<p>Informace k\u00a0zimn\u00edmu tr\u00e9ninku pro \u017e\u00e1ky a \u017ea\u010dky<\/p>\n<p>Od 13.10. 2011 za\u010d\u00edn\u00e1 baz\u00e9n (7.Z\u00e1kladn\u00ed \u0161kola Louny), od 18.- 19.hod. a to ka\u017ed\u00fd <strong>\u010dtvrtek<\/strong> a\u017e do odvol\u00e1n\u00ed. Tr\u00e9nink na Vko bude ka\u017ed\u00e9 \u00fater\u00fd a st\u0159edu od 16hod.<\/p>\n<p>Od 1.11.2011 za\u010d\u00edn\u00e1 t\u011blocvi\u010dna (Sokolovna Louny),<\/p>\n<p>Od 17.-18.hod. a to ka\u017ed\u00e9 <strong>\u00fater\u00fd<\/strong> a\u017e do odvol\u00e1n\u00ed.<\/p>\n<p>Kdo nebude moci, omluv\u00ed se, plat\u00ed to klub a je pot\u0159eba m\u00edt v\u017edy co nejv\u011bt\u0161\u00ed \u00fa\u010dast, jinak se v\u0161e zru\u0161\u00ed a budeme jezdit jen na trena\u017e\u00e9ru!!!<\/p>\n<p>Kontakty: Marcela 731560717, Mark\u00e9ta 774672672, Pavel 777781927<\/p>\n","protected":false},"excerpt":{"rendered":"<p>Informace k\u00a0zimn\u00edmu tr\u00e9ninku pro \u017e\u00e1ky a \u017ea\u010dky Od 13.10. 2011 za\u010d\u00edn\u00e1 baz\u00e9n (7.Z\u00e1kladn\u00ed \u0161kola Louny), od 18.- 19.hod. a to ka\u017ed\u00fd \u010dtvrtek a\u017e do odvol\u00e1n\u00ed. Tr\u00e9nink na Vko bude ka\u017ed\u00e9 \u00fater\u00fd a st\u0159edu od 16hod.<a class=\"read-more\" href=\"http:\/\/www.vko.cz\/VKOweb\/zimni-priprava\/\">\u010d\u00edst d\u00e1le..<\/a><\/p>\n","protected":false},"author":5,"featured_media":0,"comment_status":"open","ping_status":"closed","sticky":false,"template":"","format":"standard","meta":{"footnotes":""},"categories":[5],"tags":[],"_links":{"self":[{"href":"http:\/\/www.vko.cz\/VKOweb\/wp-json\/wp\/v2\/posts\/577"}],"collection":[{"href":"http:\/\/www.vko.cz\/VKOweb\/wp-json\/wp\/v2\/posts"}],"about":[{"href":"http:\/\/www.vko.cz\/VKOweb\/wp-json\/wp\/v2\/types\/post"}],"author":[{"embeddable":true,"href":"http:\/\/www.vko.cz\/VKOweb\/wp-json\/wp\/v2\/users\/5"}],"replies":[{"embeddable":true,"href":"http:\/\/www.vko.cz\/VKOweb\/wp-json\/wp\/v2\/comments?post=577"}],"version-history":[{"count":1,"href":"http:\/\/www.vko.cz\/VKOweb\/wp-json\/wp\/v2\/posts\/577\/revisions"}],"predecessor-version":[{"id":578,"href":"http:\/\/www.vko.cz\/VKOweb\/wp-json\/wp\/v2\/posts\/577\/revisions\/578"}],"wp:attachment":[{"href":"http:\/\/www.vko.cz\/VKOweb\/wp-json\/wp\/v2\/media?parent=577"}],"wp:term":[{"taxonomy":"category","embeddable":true,"href":"http:\/\/www.vko.cz\/VKOweb\/wp-json\/wp\/v2\/categories?post=577"},{"taxonomy":"post_tag","embeddable":true,"href":"http:\/\/www.vko.cz\/VKOweb\/wp-json\/wp\/v2\/tags?post=577"}],"curies":[{"name":"wp","href":"https:\/\/api.w.org\/{rel}","templated":true}]}}