{"id":541,"date":"2011-06-26T23:58:00","date_gmt":"2011-06-27T05:58:00","guid":{"rendered":"http:\/\/www.vko.cz\/VKOweb\/?p=541"},"modified":"2011-06-27T05:30:40","modified_gmt":"2011-06-27T11:30:40","slug":"mistrovstvi-republiky-2011","status":"publish","type":"post","link":"http:\/\/www.vko.cz\/VKOweb\/mistrovstvi-republiky-2011\/","title":{"rendered":"Mistrovstv\u00ed republiky 2011"},"content":{"rendered":"<p>V p\u00e1tek 24.6. jsme za\u010dali bojovat\u00a0o medaile z mistrovstv\u00ed republiky. Do ned\u011bln\u00edch finalov\u00fdch j\u00edzd se prosadilo p\u011bt na\u0161ich pos\u00e1dek. T\u0159et\u00ed m\u00edsta na Mistrovstv\u00ed republiky \u017eactva obsadili: na skifu mlad\u0161\u00edch \u017e\u00e1ky\u0148 11let\u00a0 B\u00c1RA Jandov\u00e1,skif mlad\u0161\u00edch \u017e\u00e1ky\u0148 12let IVANA Ka\u0161kov\u00e1,dvojskif mlad\u0161\u00edch \u017e\u00e1k\u016f PETR Bl\u00e1ha a HONZA Le\u0161ko. Druh\u00e9 m\u00edsto na skifu mlad\u0161\u00edch \u017e\u00e1k\u016f:PAVEL Jar\u00fd,dvojskif mlad\u0161\u00edch \u017e\u00e1ky\u0148 IVANA Ka\u0161kov\u00e1 a B\u00c1RA Tr\u00e1vn\u00ed\u010dkov\u00e1. Fin\u00e1le B vyhr\u00e1la\u00a0a celkov\u011b 7m\u00edsto na skifu mlad\u0161\u00edch \u017e\u00e1ky\u0148 obsadila B\u00e1ra T. Na skifu mlad\u0161\u00edch \u017e\u00e1k\u016f obsadil Jan L. 10m\u00edsto. Dvojskif mlad\u0161\u00edch \u017e\u00e1k\u016f Pavel Jar\u00fd,David\u00a0\u0160vob 8.m\u00edsto.\u00a0A dorostenec Honza Ku\u010dera v konkurenci 48skifa\u0159\u016f dovesloval na 12m\u00edst\u011b. Jm\u00e9nem v\u00fdboru d\u011bkuji tren\u00e9rk\u00e1m MARK\u00c9T\u011a\u00a0 Loulov\u00e9(\u017eakyn\u011b) a MARCELE\u00a0 Ko\u0161tial \u0160terclov\u00e9(\u017e\u00e1ci).foto<a href=\"http:\/\/vko1883.rajce.idnes.cz\/Mistrovstvi_republiky_zactva_a_dorostu_2011\/\">http:\/\/vko1883.rajce.idnes.cz\/Mistrovstvi_republiky_zactva_a_dorostu_2011\/<\/a><\/p>\n","protected":false},"excerpt":{"rendered":"<p>V p\u00e1tek 24.6. jsme za\u010dali bojovat\u00a0o medaile z mistrovstv\u00ed republiky. Do ned\u011bln\u00edch finalov\u00fdch j\u00edzd se prosadilo p\u011bt na\u0161ich pos\u00e1dek. T\u0159et\u00ed m\u00edsta na Mistrovstv\u00ed republiky \u017eactva obsadili: na skifu mlad\u0161\u00edch \u017e\u00e1ky\u0148 11let\u00a0 B\u00c1RA Jandov\u00e1,skif mlad\u0161\u00edch \u017e\u00e1ky\u0148<a class=\"read-more\" href=\"http:\/\/www.vko.cz\/VKOweb\/mistrovstvi-republiky-2011\/\">\u010d\u00edst d\u00e1le..<\/a><\/p>\n","protected":false},"author":5,"featured_media":0,"comment_status":"open","ping_status":"closed","sticky":false,"template":"","format":"standard","meta":{"footnotes":""},"categories":[5],"tags":[],"_links":{"self":[{"href":"http:\/\/www.vko.cz\/VKOweb\/wp-json\/wp\/v2\/posts\/541"}],"collection":[{"href":"http:\/\/www.vko.cz\/VKOweb\/wp-json\/wp\/v2\/posts"}],"about":[{"href":"http:\/\/www.vko.cz\/VKOweb\/wp-json\/wp\/v2\/types\/post"}],"author":[{"embeddable":true,"href":"http:\/\/www.vko.cz\/VKOweb\/wp-json\/wp\/v2\/users\/5"}],"replies":[{"embeddable":true,"href":"http:\/\/www.vko.cz\/VKOweb\/wp-json\/wp\/v2\/comments?post=541"}],"version-history":[{"count":4,"href":"http:\/\/www.vko.cz\/VKOweb\/wp-json\/wp\/v2\/posts\/541\/revisions"}],"predecessor-version":[{"id":545,"href":"http:\/\/www.vko.cz\/VKOweb\/wp-json\/wp\/v2\/posts\/541\/revisions\/545"}],"wp:attachment":[{"href":"http:\/\/www.vko.cz\/VKOweb\/wp-json\/wp\/v2\/media?parent=541"}],"wp:term":[{"taxonomy":"category","embeddable":true,"href":"http:\/\/www.vko.cz\/VKOweb\/wp-json\/wp\/v2\/categories?post=541"},{"taxonomy":"post_tag","embeddable":true,"href":"http:\/\/www.vko.cz\/VKOweb\/wp-json\/wp\/v2\/tags?post=541"}],"curies":[{"name":"wp","href":"https:\/\/api.w.org\/{rel}","templated":true}]}}