{"id":5354,"date":"2026-07-08T02:11:41","date_gmt":"2026-07-08T08:11:41","guid":{"rendered":"https:\/\/www.vko.cz\/VKOweb\/?p=5354"},"modified":"2026-07-08T02:19:34","modified_gmt":"2026-07-08T08:19:34","slug":"mistrovstvi-ceske-republiky-senioru","status":"publish","type":"post","link":"http:\/\/www.vko.cz\/VKOweb\/mistrovstvi-ceske-republiky-senioru\/","title":{"rendered":"Mistrovstv\u00ed \u010desk\u00e9 republiky senior\u016f"},"content":{"rendered":"<p>Mistrovstv\u00ed \u010cesk\u00e9 republiky senior\u016f, junior\u016f a dorostenc\u016f. M\u010cR \u017eactva bylo kv\u016fli vedru p\u0159elo\u017eeno na z\u00e1\u0159\u00ed. Po ochlazen\u00ed se ji\u017e v\u202fRa\u010dic\u00edch z\u00e1vodilo. Prvn\u00ed titul mistra z\u00edskal na \u010dty\u0159ce zdravotn\u011b handicapovan\u00fdch Bohou\u0161\u202fElsnic. Dal\u0161\u00ed titul pro VKO\u202fLouny vyhr\u00e1l na lehk\u00e9m dvojskifu U23 Ji\u0159\u00ed\u202fSmetana, ze stejn\u00e9ho z\u00e1vodu z\u00edskal je\u0161t\u011b st\u0159\u00edbrnou medaili v\u202fkategorii senior\u016f. Jirka jel je\u0161t\u011b skifa a skon\u010dil na \u010dtvrt\u00e9m m\u00edst\u011b.<\/p>\n<p>V\u202fjuniork\u00e1ch jela Majda\u202fFirstlov\u00e1 v\u202fdvojskifu v r\u00e1mci Labsk\u00e9 akademie a jej\u00ed t\u00fdm dojel ve fin\u00e1le\u202fB na druh\u00e9m m\u00edst\u011b (celkov\u011b osm\u00e9 m\u00edsto). Na skifu jela Mark\u00e9ta\u202fFiveberov\u00e1 a skon\u010dila ve fin\u00e1le\u202fB na t\u0159et\u00edm m\u00edst\u011b (celkov\u011b dev\u00e1t\u00e9 m\u00edsto).<\/p>\n<div  robogallery_id=\"5342\"  class=\"RoboGalleryV5 RoboGallery_ID5342\"  style=\"width:100%;max-width:100%;\"><\/div><script> var robogallery_config_id_5342 = {\r\n            \"restUrl\": \"http:\/\/www.vko.cz\/VKOweb\/wp-json\/\",\r\n            \"wp_rest\": \"1b0c98812a\",\r\n            \"errorImageUrl\": \"http:\/\/www.vko.cz\/VKOweb\/wp-content\/plugins\/robo-gallery\/images\/\",\r\n            \"debug\": false\r\n        };<\/script>\n","protected":false},"excerpt":{"rendered":"<p>Mistrovstv\u00ed \u010cesk\u00e9 republiky senior\u016f, junior\u016f a dorostenc\u016f. M\u010cR \u017eactva bylo kv\u016fli vedru p\u0159elo\u017eeno na z\u00e1\u0159\u00ed. Po ochlazen\u00ed se ji\u017e v\u202fRa\u010dic\u00edch z\u00e1vodilo. Prvn\u00ed titul mistra z\u00edskal na \u010dty\u0159ce zdravotn\u011b handicapovan\u00fdch Bohou\u0161\u202fElsnic. Dal\u0161\u00ed titul pro VKO\u202fLouny vyhr\u00e1l<a class=\"read-more\" href=\"http:\/\/www.vko.cz\/VKOweb\/mistrovstvi-ceske-republiky-senioru\/\">\u010d\u00edst d\u00e1le..<\/a><\/p>\n","protected":false},"author":5,"featured_media":5356,"comment_status":"closed","ping_status":"closed","sticky":false,"template":"","format":"standard","meta":{"footnotes":""},"categories":[5],"tags":[],"_links":{"self":[{"href":"http:\/\/www.vko.cz\/VKOweb\/wp-json\/wp\/v2\/posts\/5354"}],"collection":[{"href":"http:\/\/www.vko.cz\/VKOweb\/wp-json\/wp\/v2\/posts"}],"about":[{"href":"http:\/\/www.vko.cz\/VKOweb\/wp-json\/wp\/v2\/types\/post"}],"author":[{"embeddable":true,"href":"http:\/\/www.vko.cz\/VKOweb\/wp-json\/wp\/v2\/users\/5"}],"replies":[{"embeddable":true,"href":"http:\/\/www.vko.cz\/VKOweb\/wp-json\/wp\/v2\/comments?post=5354"}],"version-history":[{"count":1,"href":"http:\/\/www.vko.cz\/VKOweb\/wp-json\/wp\/v2\/posts\/5354\/revisions"}],"predecessor-version":[{"id":5355,"href":"http:\/\/www.vko.cz\/VKOweb\/wp-json\/wp\/v2\/posts\/5354\/revisions\/5355"}],"wp:featuredmedia":[{"embeddable":true,"href":"http:\/\/www.vko.cz\/VKOweb\/wp-json\/wp\/v2\/media\/5356"}],"wp:attachment":[{"href":"http:\/\/www.vko.cz\/VKOweb\/wp-json\/wp\/v2\/media?parent=5354"}],"wp:term":[{"taxonomy":"category","embeddable":true,"href":"http:\/\/www.vko.cz\/VKOweb\/wp-json\/wp\/v2\/categories?post=5354"},{"taxonomy":"post_tag","embeddable":true,"href":"http:\/\/www.vko.cz\/VKOweb\/wp-json\/wp\/v2\/tags?post=5354"}],"curies":[{"name":"wp","href":"https:\/\/api.w.org\/{rel}","templated":true}]}}