{"id":5256,"date":"2026-04-07T07:51:43","date_gmt":"2026-04-07T13:51:43","guid":{"rendered":"https:\/\/www.vko.cz\/VKOweb\/?p=5256"},"modified":"2026-04-07T07:58:21","modified_gmt":"2026-04-07T13:58:21","slug":"mistrovstvi-cr-na-dlouhe-draze-smetana-tesne-pod-stupni-vitezu-firstlova-mezi-juniorkami","status":"publish","type":"post","link":"http:\/\/www.vko.cz\/VKOweb\/mistrovstvi-cr-na-dlouhe-draze-smetana-tesne-pod-stupni-vitezu-firstlova-mezi-juniorkami\/","title":{"rendered":"Mistrovstv\u00ed \u010cR na dlouh\u00e9 dr\u00e1ze: Smetana t\u011bsn\u011b pod stupni v\u00edt\u011bz\u016f, Firstlov\u00e1 mezi juniorkami"},"content":{"rendered":"<p>V sobotu 4. 4. se na Ho\u0159\u00ednsk\u00e9m kan\u00e1le konalo Mistrovstv\u00ed \u010cesk\u00e9 republiky na dlouh\u00e9 dr\u00e1ze. Na\u0161i reprezentanti zde dos\u00e1hli pozoruhodn\u00fdch v\u00fdsledk\u016f. Ji\u0159\u00ed Smetana obsadil \u010dtvrt\u00e9 m\u00edsto, kdy\u017e c\u00edlem projel pouze o 10 sekund za t\u0159et\u00edmi medailisty. Mezi juniorkami se pak um\u00edstila Majda Firstlov\u00e1 na 40. p\u0159\u00ed\u010dce.<\/p>\n<div  robogallery_id=\"5251\"  class=\"RoboGalleryV5 RoboGallery_ID5251\"  style=\"width:100%;max-width:100%;\"><\/div><script> var robogallery_config_id_5251 = {\r\n            \"restUrl\": \"http:\/\/www.vko.cz\/VKOweb\/wp-json\/\",\r\n            \"wp_rest\": \"b886bba79b\",\r\n            \"errorImageUrl\": \"http:\/\/www.vko.cz\/VKOweb\/wp-content\/plugins\/robo-gallery\/images\/\",\r\n            \"debug\": false\r\n        };<\/script>\n","protected":false},"excerpt":{"rendered":"<p>V sobotu 4. 4. se na Ho\u0159\u00ednsk\u00e9m kan\u00e1le konalo Mistrovstv\u00ed \u010cesk\u00e9 republiky na dlouh\u00e9 dr\u00e1ze. Na\u0161i reprezentanti zde dos\u00e1hli pozoruhodn\u00fdch v\u00fdsledk\u016f. Ji\u0159\u00ed Smetana obsadil \u010dtvrt\u00e9 m\u00edsto, kdy\u017e c\u00edlem projel pouze o 10 sekund za t\u0159et\u00edmi<a class=\"read-more\" href=\"http:\/\/www.vko.cz\/VKOweb\/mistrovstvi-cr-na-dlouhe-draze-smetana-tesne-pod-stupni-vitezu-firstlova-mezi-juniorkami\/\">\u010d\u00edst d\u00e1le..<\/a><\/p>\n","protected":false},"author":5,"featured_media":5253,"comment_status":"closed","ping_status":"closed","sticky":false,"template":"","format":"standard","meta":{"footnotes":""},"categories":[5],"tags":[],"_links":{"self":[{"href":"http:\/\/www.vko.cz\/VKOweb\/wp-json\/wp\/v2\/posts\/5256"}],"collection":[{"href":"http:\/\/www.vko.cz\/VKOweb\/wp-json\/wp\/v2\/posts"}],"about":[{"href":"http:\/\/www.vko.cz\/VKOweb\/wp-json\/wp\/v2\/types\/post"}],"author":[{"embeddable":true,"href":"http:\/\/www.vko.cz\/VKOweb\/wp-json\/wp\/v2\/users\/5"}],"replies":[{"embeddable":true,"href":"http:\/\/www.vko.cz\/VKOweb\/wp-json\/wp\/v2\/comments?post=5256"}],"version-history":[{"count":1,"href":"http:\/\/www.vko.cz\/VKOweb\/wp-json\/wp\/v2\/posts\/5256\/revisions"}],"predecessor-version":[{"id":5257,"href":"http:\/\/www.vko.cz\/VKOweb\/wp-json\/wp\/v2\/posts\/5256\/revisions\/5257"}],"wp:featuredmedia":[{"embeddable":true,"href":"http:\/\/www.vko.cz\/VKOweb\/wp-json\/wp\/v2\/media\/5253"}],"wp:attachment":[{"href":"http:\/\/www.vko.cz\/VKOweb\/wp-json\/wp\/v2\/media?parent=5256"}],"wp:term":[{"taxonomy":"category","embeddable":true,"href":"http:\/\/www.vko.cz\/VKOweb\/wp-json\/wp\/v2\/categories?post=5256"},{"taxonomy":"post_tag","embeddable":true,"href":"http:\/\/www.vko.cz\/VKOweb\/wp-json\/wp\/v2\/tags?post=5256"}],"curies":[{"name":"wp","href":"https:\/\/api.w.org\/{rel}","templated":true}]}}