{"id":524,"date":"2011-05-29T23:40:45","date_gmt":"2011-05-30T05:40:45","guid":{"rendered":"http:\/\/www.vko.cz\/VKOweb\/?p=524"},"modified":"2011-05-29T23:43:18","modified_gmt":"2011-05-30T05:43:18","slug":"lysa-nad-labem","status":"publish","type":"post","link":"http:\/\/www.vko.cz\/VKOweb\/lysa-nad-labem\/","title":{"rendered":"Lys\u00e1 nad Labem"},"content":{"rendered":"<p>O v\u00edkendu 28.5-29.5 jsme z\u00e1vodili na Labi. Nepovedlo se n\u00e1m obh\u00e1jit lo\u0148sk\u00e9 prvenstv\u00ed v po\u010dtu p\u0159ihl\u00e1\u0161ek. Letos jsme ov\u0161em byli \u00a0\u00fasp\u011b\u0161n\u00ed na vod\u011b. Z dvaceti z\u00fa\u010dastn\u011bn\u00fdch odd\u00edl\u016f jsme se um\u00edstili na\u00a0 4.m\u00edst\u011b. Vyhr\u00e1vali jsme z\u00e1vody od mlad\u0161\u00edch \u017e\u00e1k\u016f a\u017e po veter\u00e1ny. Nejlep\u0161\u00edmi vesla\u0159i byli s dv\u011bma v\u00edt\u011bzstv\u00edmi Pavel Jar\u00fd a Ivana Ka\u0161kov\u00e1.\u00a0\u00a0v\u00fdsledky:<a rel=\"attachment wp-att-528\" href=\"http:\/\/www.vko.cz\/VKOweb\/lysa-nad-labem\/vysledky-lysa-2011\/\">v\u00fdsledky.Lys\u00e1.2011<\/a>foto:<a href=\"http:\/\/vko1883.rajce.idnes.cz\/Lysa_nad_Labem_2011\/\">http:\/\/vko1883.rajce.idnes.cz\/Lysa_nad_Labem_2011\/<\/a><\/p>\n","protected":false},"excerpt":{"rendered":"<p>O v\u00edkendu 28.5-29.5 jsme z\u00e1vodili na Labi. Nepovedlo se n\u00e1m obh\u00e1jit lo\u0148sk\u00e9 prvenstv\u00ed v po\u010dtu p\u0159ihl\u00e1\u0161ek. Letos jsme ov\u0161em byli \u00a0\u00fasp\u011b\u0161n\u00ed na vod\u011b. Z dvaceti z\u00fa\u010dastn\u011bn\u00fdch odd\u00edl\u016f jsme se um\u00edstili na\u00a0 4.m\u00edst\u011b. Vyhr\u00e1vali jsme z\u00e1vody<a class=\"read-more\" href=\"http:\/\/www.vko.cz\/VKOweb\/lysa-nad-labem\/\">\u010d\u00edst d\u00e1le..<\/a><\/p>\n","protected":false},"author":5,"featured_media":0,"comment_status":"open","ping_status":"closed","sticky":false,"template":"","format":"standard","meta":{"footnotes":""},"categories":[5],"tags":[],"_links":{"self":[{"href":"http:\/\/www.vko.cz\/VKOweb\/wp-json\/wp\/v2\/posts\/524"}],"collection":[{"href":"http:\/\/www.vko.cz\/VKOweb\/wp-json\/wp\/v2\/posts"}],"about":[{"href":"http:\/\/www.vko.cz\/VKOweb\/wp-json\/wp\/v2\/types\/post"}],"author":[{"embeddable":true,"href":"http:\/\/www.vko.cz\/VKOweb\/wp-json\/wp\/v2\/users\/5"}],"replies":[{"embeddable":true,"href":"http:\/\/www.vko.cz\/VKOweb\/wp-json\/wp\/v2\/comments?post=524"}],"version-history":[{"count":4,"href":"http:\/\/www.vko.cz\/VKOweb\/wp-json\/wp\/v2\/posts\/524\/revisions"}],"predecessor-version":[{"id":530,"href":"http:\/\/www.vko.cz\/VKOweb\/wp-json\/wp\/v2\/posts\/524\/revisions\/530"}],"wp:attachment":[{"href":"http:\/\/www.vko.cz\/VKOweb\/wp-json\/wp\/v2\/media?parent=524"}],"wp:term":[{"taxonomy":"category","embeddable":true,"href":"http:\/\/www.vko.cz\/VKOweb\/wp-json\/wp\/v2\/categories?post=524"},{"taxonomy":"post_tag","embeddable":true,"href":"http:\/\/www.vko.cz\/VKOweb\/wp-json\/wp\/v2\/tags?post=524"}],"curies":[{"name":"wp","href":"https:\/\/api.w.org\/{rel}","templated":true}]}}