{"id":520,"date":"2011-05-15T00:49:02","date_gmt":"2011-05-15T06:49:02","guid":{"rendered":"http:\/\/www.vko.cz\/VKOweb\/?p=520"},"modified":"2011-05-15T00:49:02","modified_gmt":"2011-05-15T06:49:02","slug":"mladez-vitezi","status":"publish","type":"post","link":"http:\/\/www.vko.cz\/VKOweb\/mladez-vitezi\/","title":{"rendered":"Ml\u00e1de\u017e v\u00edt\u011bz\u00ed"},"content":{"rendered":"<p>Na regat\u011b Blesku 14.5.\u00a0v\u00edt\u011bzn\u011b dojela do c\u00edle B\u00e1ra Tr\u00e1vni\u010dkov\u00e1 ,s Ivanou Ka\u0161kovou\u00a0 byly na druh\u00e9m m\u00edst\u011b na dvojskifu. Honza Le\u0161ko\u00a0 a Petr Bl\u00e1ha vyhr\u00e1li skifa a dvojskifa. Druh\u00e9 m\u00edsto na skifu\u00a0obsadil P\u00e1ja Jar\u00fd. Nad\u011bjn\u00fd v\u00fdkon podal dvojskif star\u0161\u00edch \u017e\u00e1k\u016f i \u017e\u00e1ky\u0148. Junio\u0159i na dvojce se dohoupali tak\u00e9 na druh\u00e9m m\u00edst\u011b.\u00a0Pod\u011bkov\u00e1n\u00ed pat\u0159\u00ed tren\u00e9rk\u00e1m M\u00e1ce a Maky. foto:<a href=\"http:\/\/vko1883.rajce.idnes.cz\/Blesk_2011\/\">http:\/\/vko1883.rajce.idnes.cz\/Blesk_2011\/<\/a><\/p>\n","protected":false},"excerpt":{"rendered":"<p>Na regat\u011b Blesku 14.5.\u00a0v\u00edt\u011bzn\u011b dojela do c\u00edle B\u00e1ra Tr\u00e1vni\u010dkov\u00e1 ,s Ivanou Ka\u0161kovou\u00a0 byly na druh\u00e9m m\u00edst\u011b na dvojskifu. Honza Le\u0161ko\u00a0 a Petr Bl\u00e1ha vyhr\u00e1li skifa a dvojskifa. Druh\u00e9 m\u00edsto na skifu\u00a0obsadil P\u00e1ja Jar\u00fd. Nad\u011bjn\u00fd v\u00fdkon<a class=\"read-more\" href=\"http:\/\/www.vko.cz\/VKOweb\/mladez-vitezi\/\">\u010d\u00edst d\u00e1le..<\/a><\/p>\n","protected":false},"author":5,"featured_media":0,"comment_status":"open","ping_status":"closed","sticky":false,"template":"","format":"standard","meta":{"footnotes":""},"categories":[5],"tags":[],"_links":{"self":[{"href":"http:\/\/www.vko.cz\/VKOweb\/wp-json\/wp\/v2\/posts\/520"}],"collection":[{"href":"http:\/\/www.vko.cz\/VKOweb\/wp-json\/wp\/v2\/posts"}],"about":[{"href":"http:\/\/www.vko.cz\/VKOweb\/wp-json\/wp\/v2\/types\/post"}],"author":[{"embeddable":true,"href":"http:\/\/www.vko.cz\/VKOweb\/wp-json\/wp\/v2\/users\/5"}],"replies":[{"embeddable":true,"href":"http:\/\/www.vko.cz\/VKOweb\/wp-json\/wp\/v2\/comments?post=520"}],"version-history":[{"count":1,"href":"http:\/\/www.vko.cz\/VKOweb\/wp-json\/wp\/v2\/posts\/520\/revisions"}],"predecessor-version":[{"id":521,"href":"http:\/\/www.vko.cz\/VKOweb\/wp-json\/wp\/v2\/posts\/520\/revisions\/521"}],"wp:attachment":[{"href":"http:\/\/www.vko.cz\/VKOweb\/wp-json\/wp\/v2\/media?parent=520"}],"wp:term":[{"taxonomy":"category","embeddable":true,"href":"http:\/\/www.vko.cz\/VKOweb\/wp-json\/wp\/v2\/categories?post=520"},{"taxonomy":"post_tag","embeddable":true,"href":"http:\/\/www.vko.cz\/VKOweb\/wp-json\/wp\/v2\/tags?post=520"}],"curies":[{"name":"wp","href":"https:\/\/api.w.org\/{rel}","templated":true}]}}