{"id":509,"date":"2011-05-04T01:37:55","date_gmt":"2011-05-04T07:37:55","guid":{"rendered":"http:\/\/www.vko.cz\/VKOweb\/?p=509"},"modified":"2011-05-10T16:00:21","modified_gmt":"2011-05-10T22:00:21","slug":"zapis-ze-schuze-vv-vko-3-5-2011","status":"publish","type":"post","link":"http:\/\/www.vko.cz\/VKOweb\/zapis-ze-schuze-vv-vko-3-5-2011\/","title":{"rendered":"Z\u00e1pis ze sch\u016fze VV VKO 3. 5. 2011"},"content":{"rendered":"<p><!--more-->Klubovna VKO Louny<\/p>\n<p>P\u0159\u00edtomni: Vorel J., Kalusov\u00e1 D., Bl\u00e1ha Pavel ml., Bl\u00e1ha Pavel st., Jaroslav Rychta\u0159\u00edk, Jan \u017dalud, Ji\u0159\u00ed Jeremi\u00e1\u0161<\/p>\n<p>Omluveni: Loulov\u00e1 M., Vorel M.<\/p>\n<p>Body jedn\u00e1n\u00ed:<\/p>\n<ol>\n<li><strong>1. <\/strong><strong>\u00davod<\/strong><\/li>\n<li><strong>Finance<\/strong>:<\/li>\n<\/ol>\n<p>2.1.\u00a0\u00a0\u00a0\u00a0\u00a0\u00a0\u00a0\u00a0\u00a0\u00a0\u00a0\u00a0 Zpr\u00e1va hospod\u00e1\u0159ky (stav):<\/p>\n<p>2.1.1.\u00a0\u00a0\u00a0\u00a0\u00a0\u00a0\u00a0 85957,- na b\u011b\u017en\u00e9m \u00fa\u010dtu<\/p>\n<p>2.1.2.\u00a0\u00a0\u00a0\u00a0\u00a0\u00a0\u00a0 30000,- na hotovosti<\/p>\n<p>2.1.3.\u00a0\u00a0\u00a0\u00a0\u00a0\u00a0\u00a0 20000,- od \u010cSTV na \u00fadr\u017ebu p\u0159i\u0161lo na \u00fa\u010det.<\/p>\n<p>2.1.4.\u00a0\u00a0\u00a0\u00a0\u00a0\u00a0\u00a0 Stav vyb\u00edr\u00e1n\u00ed \u010dlensk\u00fdch p\u0159\u00edsp\u011bvk\u016f \u2013 zhruba 10% \u010dlen\u016f je\u0161t\u011b nezaplatilo p\u0159\u00edsp\u011bvky za 2011. Rozhodnuto o vyv\u011b\u0161en\u00ed seznamu neplati\u010d\u016f do informa\u010dn\u00ed sk\u0159\u00ed\u0148ky (uvnit\u0159 Vol\u00e1ku).<\/p>\n<p>2.2.\u00a0\u00a0\u00a0\u00a0\u00a0\u00a0\u00a0\u00a0\u00a0\u00a0\u00a0\u00a0 Zpr\u00e1va p\u0159edsedy:<\/p>\n<p>2.2.1.\u00a0\u00a0\u00a0\u00a0\u00a0\u00a0\u00a0 Dotace kraje na VHT. P\u0159isl\u00edbeno 30\u00a0000,- \u00a0&#8211; rozpo\u010det a smlouva odesl\u00e1ny na kraj. Potvrzen\u00ed a pouk\u00e1z\u00e1n\u00ed dotace o\u010dek\u00e1v\u00e1no v\u00a0kr\u00e1tk\u00e9 dob\u011b.<\/p>\n<p>2.2.2.\u00a0\u00a0\u00a0\u00a0\u00a0\u00a0\u00a0 \u017d\u00e1dost na \u010cEZ o reklamn\u00ed smlouv\u011b na VHT pod\u00e1na \u0159editeli Po\u010derady. Od n\u011bj vyj\u00e1d\u0159en\u00ed kladn\u00e9. Bude postoupeno na rozhodov\u00e1n\u00ed org\u00e1n\u016f \u010cEZu.<\/p>\n<ol>\n<li><strong>3. <\/strong><strong>Sportovn\u00ed \u010dinnost \u2013 zpr\u00e1va kapit\u00e1na:<\/strong><\/li>\n<\/ol>\n<p>3.1.\u00a0\u00a0\u00a0\u00a0\u00a0\u00a0\u00a0\u00a0\u00a0\u00a0\u00a0\u00a0 Nad\u011bjn\u00e9 v\u00fdsledky dvojky bez junior\u016f na M\u010cR na dlouh\u00e9 trati a na KZ reprezenta\u010dn\u00edch v\u00fdb\u011br\u016f. 7. a 9. m\u00edsto. Oba um\u00edst\u011bni v\u00a0pos\u00e1dce na Prim\u00e1torky<\/p>\n<p>3.2.\u00a0\u00a0\u00a0\u00a0\u00a0\u00a0\u00a0\u00a0\u00a0\u00a0\u00a0\u00a0 Trenink mlad\u0161\u00edch a nejmlad\u0161\u00edch kategori\u00ed prob\u00edh\u00e1 podle pl\u00e1nu, bez probl\u00e9m\u016f.<\/p>\n<p>3.3.\u00a0\u00a0\u00a0\u00a0\u00a0\u00a0\u00a0\u00a0\u00a0\u00a0\u00a0\u00a0 Pl\u00e1n z\u00e1vod\u016f na p\u0159\u00ed\u0161t\u00ed obdob\u00ed: Praha (Blesk), Lys\u00e1, Prim\u00e1torky.<\/p>\n<p>3.4.\u00a0\u00a0\u00a0\u00a0\u00a0\u00a0\u00a0\u00a0\u00a0\u00a0\u00a0\u00a0 Nov\u00e9 krakorce na \u010dty\u0159ku dod\u00e1ny, faktura na 10824,-.<\/p>\n<ol>\n<li><strong>4. <\/strong><strong>R\u016fzn\u00e9<\/strong><\/li>\n<\/ol>\n<p>4.1.\u00a0\u00a0\u00a0\u00a0\u00a0\u00a0\u00a0\u00a0\u00a0\u00a0\u00a0\u00a0 Informace p\u0159edsedy: Sch\u016fze z\u00e1stupc\u016f Labe &#8211; 12\/4 &#8211; p\u0159\u00edprava na VH \u010cVS. Valn\u00e1 hromada \u010cVS Ra\u010dice &#8211; 17\/4 -financov\u00e1n\u00ed, projev p\u0159edsedy J. Kejvala zd\u016fraznil o\u010dek\u00e1vanou zm\u011bnu financov\u00e1n\u00ed sportu. V\u011bt\u0161\u00ed spolupr\u00e1ce s\u00a0m\u011bsty a kraji nezbytn\u00e1. P\u0159edstaveny z\u00e1kladn\u00ed obrysy projektu \u201ePolabsk\u00e9 Prim\u00e1torky\u201c \u2013 trena\u017e\u00e9rov\u00fd dlouhodob\u00fd z\u00e1vod, kter\u00fd pom\u016f\u017ee zapojen\u00ed ml\u00e1de\u017ee i financov\u00e1n\u00ed klub\u016f. J. Vorel pracuje v\u00a0p\u0159\u00edpravn\u00e9 skupin\u011b v\u00a0r\u00e1mci polabsk\u00fdch klub\u016f.<\/p>\n<p>4.2.\u00a0\u00a0\u00a0\u00a0\u00a0\u00a0\u00a0\u00a0\u00a0\u00a0\u00a0\u00a0 Vzpom\u00ednka na popraven\u00e9: ur\u010den term\u00edn p\u00e1tek 10\/6 17:00. J. Vorel zajist\u00ed p\u0159\u00edm\u00e9 pozv\u00e1n\u00ed \u00fa\u010dastn\u00edk\u016f, J. Rychta\u0159\u00edk informaci sd\u011blovac\u00edm prost\u0159edk\u016fm.<\/p>\n<p>4.3.\u00a0\u00a0\u00a0\u00a0\u00a0\u00a0\u00a0\u00a0\u00a0\u00a0\u00a0\u00a0 Dra\u010d\u00ed lod\u011b: P\u0159edstaveny technick\u00e9 a finan\u010dn\u00ed argumenty pro volbu po\u010dtu drah. V\u00fdbor hlasov\u00e1n\u00edm rozhodl o syst\u00e9mu 3 drah a 3 lod\u00ed. M. Vorel bude shroma\u017e\u010fovat a administrovat p\u0159ihl\u00e1\u0161ky. My\u0161lenka 3 drah bude vhodnou formou propagov\u00e1na ve sd\u011blovac\u00edch prost\u0159edc\u00edch (J. Rychta\u0159\u00edk, J. Vorel)<\/p>\n<p>4.4.\u00a0\u00a0\u00a0\u00a0\u00a0\u00a0\u00a0\u00a0\u00a0\u00a0\u00a0\u00a0 Informace P. Bl\u00e1hy st.<\/p>\n<p>4.4.1.\u00a0\u00a0\u00a0\u00a0\u00a0\u00a0\u00a0 Balkon opraven, n\u00e1klady cca 1000,-<\/p>\n<p>4.4.2.\u00a0\u00a0\u00a0\u00a0\u00a0\u00a0\u00a0 P\u0159etr\u017een\u00e9 lano na houpa\u010dce. N\u00e1vrh na opravu. Houpa\u010dka je pova\u017eov\u00e1na za vhodnou relaxa\u010dn\u00ed i tr\u00e9ninkovou aktivitu. Schv\u00e1leno.<\/p>\n<p>4.5.\u00a0\u00a0\u00a0\u00a0\u00a0\u00a0\u00a0\u00a0\u00a0\u00a0\u00a0\u00a0 Vyj\u00e1d\u0159ena nespokojenost s\u00a0\u00farovn\u00ed \u010dinnosti spr\u00e1vce v\u00a0posledn\u00ed dob\u011b. J. Vorel provede pohovor s\u00a0c\u00edlem zjednat n\u00e1pravu.<\/p>\n<p>4.6.\u00a0\u00a0\u00a0\u00a0\u00a0\u00a0\u00a0\u00a0\u00a0\u00a0\u00a0\u00a0 P\u0159\u00ed\u0161t\u00ed sch\u016fze 7\/6\/2011 19:00<\/p>\n<p>Zapsal J. Vorel<\/p>\n","protected":false},"excerpt":{"rendered":"","protected":false},"author":5,"featured_media":0,"comment_status":"open","ping_status":"closed","sticky":false,"template":"","format":"standard","meta":{"footnotes":""},"categories":[5],"tags":[],"_links":{"self":[{"href":"http:\/\/www.vko.cz\/VKOweb\/wp-json\/wp\/v2\/posts\/509"}],"collection":[{"href":"http:\/\/www.vko.cz\/VKOweb\/wp-json\/wp\/v2\/posts"}],"about":[{"href":"http:\/\/www.vko.cz\/VKOweb\/wp-json\/wp\/v2\/types\/post"}],"author":[{"embeddable":true,"href":"http:\/\/www.vko.cz\/VKOweb\/wp-json\/wp\/v2\/users\/5"}],"replies":[{"embeddable":true,"href":"http:\/\/www.vko.cz\/VKOweb\/wp-json\/wp\/v2\/comments?post=509"}],"version-history":[{"count":4,"href":"http:\/\/www.vko.cz\/VKOweb\/wp-json\/wp\/v2\/posts\/509\/revisions"}],"predecessor-version":[{"id":514,"href":"http:\/\/www.vko.cz\/VKOweb\/wp-json\/wp\/v2\/posts\/509\/revisions\/514"}],"wp:attachment":[{"href":"http:\/\/www.vko.cz\/VKOweb\/wp-json\/wp\/v2\/media?parent=509"}],"wp:term":[{"taxonomy":"category","embeddable":true,"href":"http:\/\/www.vko.cz\/VKOweb\/wp-json\/wp\/v2\/categories?post=509"},{"taxonomy":"post_tag","embeddable":true,"href":"http:\/\/www.vko.cz\/VKOweb\/wp-json\/wp\/v2\/tags?post=509"}],"curies":[{"name":"wp","href":"https:\/\/api.w.org\/{rel}","templated":true}]}}