{"id":4912,"date":"2025-04-07T06:23:51","date_gmt":"2025-04-07T12:23:51","guid":{"rendered":"https:\/\/www.vko.cz\/VKOweb\/?p=4912"},"modified":"2025-04-07T06:23:51","modified_gmt":"2025-04-07T12:23:51","slug":"mistrovstvi-ceske-republiky-na-dlouhe-draze-v-horine-2025","status":"publish","type":"post","link":"http:\/\/www.vko.cz\/VKOweb\/mistrovstvi-ceske-republiky-na-dlouhe-draze-v-horine-2025\/","title":{"rendered":"Mistrovstv\u00ed \u010cesk\u00e9 republiky na dlouh\u00e9 dr\u00e1ze v Ho\u0159\u00edn\u011b 2025"},"content":{"rendered":"<p class=\"\" data-start=\"214\" data-end=\"459\">Prvn\u00ed start v seniorsk\u00e9 kategorii znamenal pro Jirku Smetanu hned dvoj\u00ed medailov\u00fd \u00fasp\u011bch. V kategorii lehk\u00fdch vah senior\u016f B obsadil druh\u00e9 m\u00edsto a mezi lehk\u00fdmi seniory celkov\u011b skon\u010dil t\u0159et\u00ed. Par\u00e1dn\u00ed za\u010d\u00e1tek sezony \u2013 Jirkovi gratuluje cel\u00fd klub!<\/p>\n<p class=\"\" data-start=\"461\" data-end=\"486\">Dal\u0161\u00ed lounsk\u00e9 skifa\u0159ky:<\/p>\n<ul data-start=\"487\" data-end=\"634\">\n<li class=\"\" data-start=\"487\" data-end=\"530\">\n<p class=\"\" data-start=\"489\" data-end=\"530\"><strong data-start=\"489\" data-end=\"507\">Kamila Krpcov\u00e1<\/strong> (sen. B) \u2013 14. m\u00edsto<\/p>\n<\/li>\n<li class=\"\" data-start=\"531\" data-end=\"581\">\n<p class=\"\" data-start=\"533\" data-end=\"581\"><strong data-start=\"533\" data-end=\"554\">Mark\u00e9ta Wainerov\u00e1<\/strong> (dorostenky) \u2013 27. m\u00edsto<\/p>\n<\/li>\n<li class=\"\" data-start=\"582\" data-end=\"634\">\n<p class=\"\" data-start=\"584\" data-end=\"634\"><strong data-start=\"584\" data-end=\"607\">Magdal\u00e9na Firstlov\u00e1<\/strong> (dorostenky) \u2013 31. m\u00edsto<\/p>\n<\/li>\n<\/ul>\n","protected":false},"excerpt":{"rendered":"<p>Prvn\u00ed start v seniorsk\u00e9 kategorii znamenal pro Jirku Smetanu hned dvoj\u00ed medailov\u00fd \u00fasp\u011bch. V kategorii lehk\u00fdch vah senior\u016f B obsadil druh\u00e9 m\u00edsto a mezi lehk\u00fdmi seniory celkov\u011b skon\u010dil t\u0159et\u00ed. Par\u00e1dn\u00ed za\u010d\u00e1tek sezony \u2013 Jirkovi gratuluje<a class=\"read-more\" href=\"http:\/\/www.vko.cz\/VKOweb\/mistrovstvi-ceske-republiky-na-dlouhe-draze-v-horine-2025\/\">\u010d\u00edst d\u00e1le..<\/a><\/p>\n","protected":false},"author":12,"featured_media":4913,"comment_status":"closed","ping_status":"closed","sticky":false,"template":"","format":"standard","meta":{"footnotes":""},"categories":[5],"tags":[],"_links":{"self":[{"href":"http:\/\/www.vko.cz\/VKOweb\/wp-json\/wp\/v2\/posts\/4912"}],"collection":[{"href":"http:\/\/www.vko.cz\/VKOweb\/wp-json\/wp\/v2\/posts"}],"about":[{"href":"http:\/\/www.vko.cz\/VKOweb\/wp-json\/wp\/v2\/types\/post"}],"author":[{"embeddable":true,"href":"http:\/\/www.vko.cz\/VKOweb\/wp-json\/wp\/v2\/users\/12"}],"replies":[{"embeddable":true,"href":"http:\/\/www.vko.cz\/VKOweb\/wp-json\/wp\/v2\/comments?post=4912"}],"version-history":[{"count":1,"href":"http:\/\/www.vko.cz\/VKOweb\/wp-json\/wp\/v2\/posts\/4912\/revisions"}],"predecessor-version":[{"id":4914,"href":"http:\/\/www.vko.cz\/VKOweb\/wp-json\/wp\/v2\/posts\/4912\/revisions\/4914"}],"wp:featuredmedia":[{"embeddable":true,"href":"http:\/\/www.vko.cz\/VKOweb\/wp-json\/wp\/v2\/media\/4913"}],"wp:attachment":[{"href":"http:\/\/www.vko.cz\/VKOweb\/wp-json\/wp\/v2\/media?parent=4912"}],"wp:term":[{"taxonomy":"category","embeddable":true,"href":"http:\/\/www.vko.cz\/VKOweb\/wp-json\/wp\/v2\/categories?post=4912"},{"taxonomy":"post_tag","embeddable":true,"href":"http:\/\/www.vko.cz\/VKOweb\/wp-json\/wp\/v2\/tags?post=4912"}],"curies":[{"name":"wp","href":"https:\/\/api.w.org\/{rel}","templated":true}]}}