{"id":482,"date":"2011-02-28T01:07:56","date_gmt":"2011-02-28T07:07:56","guid":{"rendered":"http:\/\/www.vko.cz\/VKOweb\/?p=482"},"modified":"2011-03-02T00:12:54","modified_gmt":"2011-03-02T06:12:54","slug":"valna-hromada-2","status":"publish","type":"post","link":"http:\/\/www.vko.cz\/VKOweb\/valna-hromada-2\/","title":{"rendered":"Valn\u00e1 hromada"},"content":{"rendered":"<p><strong>Pod\u011bkov\u00e1n\u00ed \u010dlen\u016fm.<\/strong><\/p>\n<p><strong>Jm\u00e9nem v\u00fdkonn\u00e9ho v\u00fdboru d\u011bkuji v\u0161em \u010dlen\u016fm VKO za vzornou a aktivn\u00ed \u00fa\u010dast na valn\u00e9 hromad\u011b klubu. Byla to dobr\u00e1 p\u0159\u00edle\u017eitost zhodnotit uplynulou sez\u00f3nu a dodat si energii do leto\u0161n\u00edho roku. I valn\u00e1 hromada je sou\u010d\u00e1st \u017eivota klubu. Odhodl\u00e1n\u00ed a nad\u0161en\u00ed, kter\u00e9 vyza\u0159ovalo z tv\u00e1\u0159\u00ed p\u0159\u00edtomn\u00fdch \u010dlen\u016f, zejm\u00e9na na\u0161ich nejmlad\u0161\u00edch, je p\u0159\u00edslibem dobr\u00fdch v\u00fdsledk\u016f. Vysok\u00e9 procento \u00fa\u010dasti na VH nen\u00ed rozhodn\u011b samoz\u0159ejmost\u00ed a sv\u011bd\u010d\u00ed nejen o \u010dlensk\u00e9 disciplin\u011b, ale I o tom, \u017ee t\u00e1hneme za jeden provaz. Na\u0161im v\u00e1\u017een\u00fdm host\u016fm jsme p\u0159edvedli klub v tom nejlep\u0161\u00edm sv\u011btle.<\/strong><\/p>\n<p><strong>Je\u0161t\u011b jednou d\u00edky a hodn\u011b \u00fasp\u011bch\u016f v roce 2011.<\/strong><\/p>\n<p><strong>Jarom\u00edr Vorel, p\u0159edseda VKO<\/strong><\/p>\n<p>D\u00edky<\/p>\n<p>Jarom\u00edr<\/p>\n<p>foto:<a href=\"http:\/\/vko1883.rajce.idnes.cz\/Valna_hromada_2011\/\">http:\/\/vko1883.rajce.idnes.cz\/Valna_hromada_2011\/<\/a><\/p>\n","protected":false},"excerpt":{"rendered":"<p>Pod\u011bkov\u00e1n\u00ed \u010dlen\u016fm. Jm\u00e9nem v\u00fdkonn\u00e9ho v\u00fdboru d\u011bkuji v\u0161em \u010dlen\u016fm VKO za vzornou a aktivn\u00ed \u00fa\u010dast na valn\u00e9 hromad\u011b klubu. Byla to dobr\u00e1 p\u0159\u00edle\u017eitost zhodnotit uplynulou sez\u00f3nu a dodat si energii do leto\u0161n\u00edho roku. I valn\u00e1 hromada<a class=\"read-more\" href=\"http:\/\/www.vko.cz\/VKOweb\/valna-hromada-2\/\">\u010d\u00edst d\u00e1le..<\/a><\/p>\n","protected":false},"author":5,"featured_media":0,"comment_status":"open","ping_status":"closed","sticky":false,"template":"","format":"standard","meta":{"footnotes":""},"categories":[5],"tags":[],"_links":{"self":[{"href":"http:\/\/www.vko.cz\/VKOweb\/wp-json\/wp\/v2\/posts\/482"}],"collection":[{"href":"http:\/\/www.vko.cz\/VKOweb\/wp-json\/wp\/v2\/posts"}],"about":[{"href":"http:\/\/www.vko.cz\/VKOweb\/wp-json\/wp\/v2\/types\/post"}],"author":[{"embeddable":true,"href":"http:\/\/www.vko.cz\/VKOweb\/wp-json\/wp\/v2\/users\/5"}],"replies":[{"embeddable":true,"href":"http:\/\/www.vko.cz\/VKOweb\/wp-json\/wp\/v2\/comments?post=482"}],"version-history":[{"count":2,"href":"http:\/\/www.vko.cz\/VKOweb\/wp-json\/wp\/v2\/posts\/482\/revisions"}],"predecessor-version":[{"id":486,"href":"http:\/\/www.vko.cz\/VKOweb\/wp-json\/wp\/v2\/posts\/482\/revisions\/486"}],"wp:attachment":[{"href":"http:\/\/www.vko.cz\/VKOweb\/wp-json\/wp\/v2\/media?parent=482"}],"wp:term":[{"taxonomy":"category","embeddable":true,"href":"http:\/\/www.vko.cz\/VKOweb\/wp-json\/wp\/v2\/categories?post=482"},{"taxonomy":"post_tag","embeddable":true,"href":"http:\/\/www.vko.cz\/VKOweb\/wp-json\/wp\/v2\/tags?post=482"}],"curies":[{"name":"wp","href":"https:\/\/api.w.org\/{rel}","templated":true}]}}