{"id":467,"date":"2011-01-16T15:04:57","date_gmt":"2011-01-16T21:04:57","guid":{"rendered":"http:\/\/www.vko.cz\/VKOweb\/?p=467"},"modified":"2011-01-19T15:13:34","modified_gmt":"2011-01-19T21:13:34","slug":"povoden-2011","status":"publish","type":"post","link":"http:\/\/www.vko.cz\/VKOweb\/povoden-2011\/","title":{"rendered":"Povode\u0148 2011"},"content":{"rendered":"<p>Tento v\u00edkend se na n\u00e1s valilo trochu v\u00edc vody ne\u017e jsme zvykl\u00ed. Na fotk\u00e1ch je vid\u011bt Kada\u0148sk\u00fd stupe\u0148,Nechranice a Marcely bar\u00e1k.<\/p>\n<p><a href=\"http:\/\/vko1883.rajce.idnes.cz\/Povoden_2011\/\">http:\/\/vko1883.rajce.idnes.cz\/Povoden_2011\/<\/a><\/p>\n<p>&#8230;a zde p\u00e1r fotek z Loun od J. Rychta\u0159\u00edka: [imagebrowser id=40]<\/p>\n","protected":false},"excerpt":{"rendered":"<p>Tento v\u00edkend se na n\u00e1s valilo trochu v\u00edc vody ne\u017e jsme zvykl\u00ed. Na fotk\u00e1ch je vid\u011bt Kada\u0148sk\u00fd stupe\u0148,Nechranice a Marcely bar\u00e1k. http:\/\/vko1883.rajce.idnes.cz\/Povoden_2011\/ &#8230;a zde p\u00e1r fotek z Loun od J. Rychta\u0159\u00edka: [imagebrowser id=40]<\/p>\n","protected":false},"author":5,"featured_media":0,"comment_status":"open","ping_status":"closed","sticky":false,"template":"","format":"standard","meta":{"footnotes":""},"categories":[5],"tags":[],"_links":{"self":[{"href":"http:\/\/www.vko.cz\/VKOweb\/wp-json\/wp\/v2\/posts\/467"}],"collection":[{"href":"http:\/\/www.vko.cz\/VKOweb\/wp-json\/wp\/v2\/posts"}],"about":[{"href":"http:\/\/www.vko.cz\/VKOweb\/wp-json\/wp\/v2\/types\/post"}],"author":[{"embeddable":true,"href":"http:\/\/www.vko.cz\/VKOweb\/wp-json\/wp\/v2\/users\/5"}],"replies":[{"embeddable":true,"href":"http:\/\/www.vko.cz\/VKOweb\/wp-json\/wp\/v2\/comments?post=467"}],"version-history":[{"count":3,"href":"http:\/\/www.vko.cz\/VKOweb\/wp-json\/wp\/v2\/posts\/467\/revisions"}],"predecessor-version":[{"id":470,"href":"http:\/\/www.vko.cz\/VKOweb\/wp-json\/wp\/v2\/posts\/467\/revisions\/470"}],"wp:attachment":[{"href":"http:\/\/www.vko.cz\/VKOweb\/wp-json\/wp\/v2\/media?parent=467"}],"wp:term":[{"taxonomy":"category","embeddable":true,"href":"http:\/\/www.vko.cz\/VKOweb\/wp-json\/wp\/v2\/categories?post=467"},{"taxonomy":"post_tag","embeddable":true,"href":"http:\/\/www.vko.cz\/VKOweb\/wp-json\/wp\/v2\/tags?post=467"}],"curies":[{"name":"wp","href":"https:\/\/api.w.org\/{rel}","templated":true}]}}