{"id":458,"date":"2010-12-17T07:30:46","date_gmt":"2010-12-17T13:30:46","guid":{"rendered":"http:\/\/www.vko.cz\/VKOweb\/?p=458"},"modified":"2010-12-20T00:05:50","modified_gmt":"2010-12-20T06:05:50","slug":"v-nedeli-se-jede-ii-kolo-poharu-cr-2010-2011-v-jizde-na-veslarskem-trenazeru","status":"publish","type":"post","link":"http:\/\/www.vko.cz\/VKOweb\/v-nedeli-se-jede-ii-kolo-poharu-cr-2010-2011-v-jizde-na-veslarskem-trenazeru\/","title":{"rendered":"II.kolo Poh\u00e1ru \u010cR 2010-2011 v j\u00edzd\u011b na vesla\u0159sk\u00e9m trena\u017e\u00e9ru"},"content":{"rendered":"<p>V Praze za n\u00e1\u0161 klub startovali \u010dty\u0159i z\u00e1stupci. Junio\u0159i Roman\u00a0s Jirkou, kte\u0159\u00ed jeli na hranici sv\u00fdch maxim\u00e1ln\u00edch v\u00fdkon\u016f\u00a0a sta\u010dilo to na 17. a 27.m\u00edsto. Za lehk\u00e9 v\u00e1hy n\u00e1s reprzentoval Gary Curtis, kter\u00fd dojel na 9.m\u00edst\u011b.\u00a0V dorosteneck\u00e9 kategorii startoval poprv\u00e9 Jan Ku\u010dera a um\u00edstil se v polovin\u011b startovn\u00edho pole na 28.m\u00edst\u011b. Sv\u00e9 osobn\u00ed maxima zlep\u0161ili na\u0161i odchovanci V\u00ed\u0165a s Nikolou.\u00a0V\u00fdsledky zde<a href=\"http:\/\/www.veslo.cz\/ii-kolo-poharu-cr-v-jizde-na-trenazeru-19-12-2010\">http:\/\/www.veslo.cz\/ii-kolo-poharu-cr-v-jizde-na-trenazeru-19-12-2010<\/a>\u00a0\u00a0<\/p>\n<table border=\"0\" cellspacing=\"0\" cellpadding=\"0\" width=\"164\">\n<col span=\"1\" width=\"164\"><\/col>\n<tbody>\n<tr>\n<td width=\"164\" height=\"21\">\u00a0\u00a0<\/td>\n<\/tr>\n<\/tbody>\n<\/table>\n","protected":false},"excerpt":{"rendered":"<p>V Praze za n\u00e1\u0161 klub startovali \u010dty\u0159i z\u00e1stupci. Junio\u0159i Roman\u00a0s Jirkou, kte\u0159\u00ed jeli na hranici sv\u00fdch maxim\u00e1ln\u00edch v\u00fdkon\u016f\u00a0a sta\u010dilo to na 17. a 27.m\u00edsto. Za lehk\u00e9 v\u00e1hy n\u00e1s reprzentoval Gary Curtis, kter\u00fd dojel na 9.m\u00edst\u011b.\u00a0V<a class=\"read-more\" href=\"http:\/\/www.vko.cz\/VKOweb\/v-nedeli-se-jede-ii-kolo-poharu-cr-2010-2011-v-jizde-na-veslarskem-trenazeru\/\">\u010d\u00edst d\u00e1le..<\/a><\/p>\n","protected":false},"author":5,"featured_media":0,"comment_status":"open","ping_status":"closed","sticky":false,"template":"","format":"standard","meta":{"footnotes":""},"categories":[5],"tags":[],"_links":{"self":[{"href":"http:\/\/www.vko.cz\/VKOweb\/wp-json\/wp\/v2\/posts\/458"}],"collection":[{"href":"http:\/\/www.vko.cz\/VKOweb\/wp-json\/wp\/v2\/posts"}],"about":[{"href":"http:\/\/www.vko.cz\/VKOweb\/wp-json\/wp\/v2\/types\/post"}],"author":[{"embeddable":true,"href":"http:\/\/www.vko.cz\/VKOweb\/wp-json\/wp\/v2\/users\/5"}],"replies":[{"embeddable":true,"href":"http:\/\/www.vko.cz\/VKOweb\/wp-json\/wp\/v2\/comments?post=458"}],"version-history":[{"count":4,"href":"http:\/\/www.vko.cz\/VKOweb\/wp-json\/wp\/v2\/posts\/458\/revisions"}],"predecessor-version":[{"id":460,"href":"http:\/\/www.vko.cz\/VKOweb\/wp-json\/wp\/v2\/posts\/458\/revisions\/460"}],"wp:attachment":[{"href":"http:\/\/www.vko.cz\/VKOweb\/wp-json\/wp\/v2\/media?parent=458"}],"wp:term":[{"taxonomy":"category","embeddable":true,"href":"http:\/\/www.vko.cz\/VKOweb\/wp-json\/wp\/v2\/categories?post=458"},{"taxonomy":"post_tag","embeddable":true,"href":"http:\/\/www.vko.cz\/VKOweb\/wp-json\/wp\/v2\/tags?post=458"}],"curies":[{"name":"wp","href":"https:\/\/api.w.org\/{rel}","templated":true}]}}