{"id":437,"date":"2010-11-28T03:25:44","date_gmt":"2010-11-28T09:25:44","guid":{"rendered":"http:\/\/www.vko.cz\/VKOweb\/?p=437"},"modified":"2010-11-28T03:25:44","modified_gmt":"2010-11-28T09:25:44","slug":"triatlon-2010-je-za-nami","status":"publish","type":"post","link":"http:\/\/www.vko.cz\/VKOweb\/triatlon-2010-je-za-nami\/","title":{"rendered":"Triatlon 2010 je za n\u00e1mi"},"content":{"rendered":"<p>Posledn\u00ed podnik sez\u00f3ny 2010 je za n\u00e1mi a m\u011b nezb\u00fdv\u00e1 ne\u017e pod\u011bkovat a slo\u017eit hlubokou poklonu v\u0161em, kte\u0159\u00ed se na n\u011bm pod\u00edleli.<!--more--><br \/>\nByl to pro v\u0161echny dlouh\u00fd den, a nejenom ten jeden.<br \/>\nP\u0159\u00edprava, st\u011bhov\u00e1n\u00ed v\u0161emo\u017en\u00e9ho materi\u00e1lu, sh\u00e1n\u011bn\u00ed cen a sponzor\u016f, pr\u00e1ce s p\u0159ihl\u00e1\u0161kami a vlastn\u00ed organizace, to v\u0161echno sebralo mnoho \u010dasu a \u00fasil\u00ed.<br \/>\nHlavn\u011b ale perfektn\u00ed zvl\u00e1dnut\u00ed toho koloto\u010de a n\u00e1valu z\u00e1vodn\u00edk\u016f je n\u011bco, na co m\u016f\u017eeme b\u00fdt pr\u00e1vem hrd\u00ed, a co n\u00e1m d\u011bl\u00e1 velk\u00e9 jm\u00e9no a p\u0159in\u00e1\u0161\u00ed respekt, ve vesla\u0159sk\u00e9m sv\u011bt\u011b, i mimo n\u011bj.<br \/>\nMysl\u00edm, \u017ee kdybychom m\u011bli po\u0159\u00e1dnou vodn\u00ed plochu, ur\u010dit\u011b bychom po\u0159\u00e1dali velmi slavnou regatu.<br \/>\nSpeci\u00e1ln\u011b bych cht\u011bl pod\u011bkovat lidem, kte\u0159\u00ed se na vesl\u00e1ku nevyskytuj\u00ed pravideln\u011b, ale p\u0159esto p\u0159i\u0161li, a pomohli v prav\u00fd \u010das. Bez Marcelina t\u00fdmu \u201eobrace\u010d\u016f\u201c bychom to nemohli zvl\u00e1dnout. Stejn\u011b tak d\u00edky na\u0161im \u201eaj\u0165\u00e1k\u016fm\u201c, kte\u0159\u00ed p\u0159edv\u00e1d\u011bli prav\u00e1 kouzla, a zachovali ledov\u00fd klid v nejvypjat\u011bj\u0161\u00edch chv\u00edl\u00edch.<br \/>\nVe\u0161ker\u00e1 na\u0161e logistika (to je honosn\u00fd n\u00e1zev pro st\u011bhov\u00e1ky) byla perfektn\u00ed. Postavit a zbourat cel\u00fd ten cirkus v tak kr\u00e1tk\u00e9 dob\u011b byl v\u00fdkon srovnateln\u00fd s \u201eten\u0165\u00e1ky\u201c cirkusu Humberto.<br \/>\nD\u00edky i rozhod\u010d\u00edm, start\u00e9r\u016fm, sp\u00edkr\u016fm a v neposledn\u00ed \u0159ad\u011b na\u0161\u00ed finan\u010dn\u00ed \u0159editelce.<br \/>\nTyto akce na\u0161emu klubu velmi pom\u00e1haj\u00ed, a umo\u017e\u0148uj\u00ed n\u00e1m n\u00e1\u0161 hlavn\u00ed program, vesla\u0159sk\u00fd sport pro ml\u00e1de\u017e.<br \/>\nJsem hrd\u00fd na to ,\u017ee jsem se mohl z\u00fa\u010dastnit, a t\u011b\u0161\u00edm se na 17. ro\u010dn\u00edk.<\/p>\n<p>D\u00edky v\u0161em!!!<\/p>\n<p>Jarom\u00edr Vorel<br \/>\nP\u0159edseda VKO<\/p>\n","protected":false},"excerpt":{"rendered":"<p>Posledn\u00ed podnik sez\u00f3ny 2010 je za n\u00e1mi a m\u011b nezb\u00fdv\u00e1 ne\u017e pod\u011bkovat a slo\u017eit hlubokou poklonu v\u0161em, kte\u0159\u00ed se na n\u011bm pod\u00edleli.<\/p>\n","protected":false},"author":4,"featured_media":0,"comment_status":"open","ping_status":"closed","sticky":false,"template":"","format":"standard","meta":{"footnotes":""},"categories":[5],"tags":[],"_links":{"self":[{"href":"http:\/\/www.vko.cz\/VKOweb\/wp-json\/wp\/v2\/posts\/437"}],"collection":[{"href":"http:\/\/www.vko.cz\/VKOweb\/wp-json\/wp\/v2\/posts"}],"about":[{"href":"http:\/\/www.vko.cz\/VKOweb\/wp-json\/wp\/v2\/types\/post"}],"author":[{"embeddable":true,"href":"http:\/\/www.vko.cz\/VKOweb\/wp-json\/wp\/v2\/users\/4"}],"replies":[{"embeddable":true,"href":"http:\/\/www.vko.cz\/VKOweb\/wp-json\/wp\/v2\/comments?post=437"}],"version-history":[{"count":1,"href":"http:\/\/www.vko.cz\/VKOweb\/wp-json\/wp\/v2\/posts\/437\/revisions"}],"predecessor-version":[{"id":438,"href":"http:\/\/www.vko.cz\/VKOweb\/wp-json\/wp\/v2\/posts\/437\/revisions\/438"}],"wp:attachment":[{"href":"http:\/\/www.vko.cz\/VKOweb\/wp-json\/wp\/v2\/media?parent=437"}],"wp:term":[{"taxonomy":"category","embeddable":true,"href":"http:\/\/www.vko.cz\/VKOweb\/wp-json\/wp\/v2\/categories?post=437"},{"taxonomy":"post_tag","embeddable":true,"href":"http:\/\/www.vko.cz\/VKOweb\/wp-json\/wp\/v2\/tags?post=437"}],"curies":[{"name":"wp","href":"https:\/\/api.w.org\/{rel}","templated":true}]}}