{"id":4342,"date":"2023-08-07T14:21:23","date_gmt":"2023-08-07T20:21:23","guid":{"rendered":"http:\/\/www.vko.cz\/VKOweb\/?p=4342"},"modified":"2023-09-04T13:40:35","modified_gmt":"2023-09-04T19:40:35","slug":"kamila-skoncila-na-ms-junioru-v-parizi-na-sedmem-miste","status":"publish","type":"post","link":"http:\/\/www.vko.cz\/VKOweb\/kamila-skoncila-na-ms-junioru-v-parizi-na-sedmem-miste\/","title":{"rendered":"Kamila skon\u010dila na MS  junior\u016f v Pa\u0159\u00ed\u017ei na sedm\u00e9m m\u00edst\u011b"},"content":{"rendered":"<p>Reprezenta\u010dn\u00ed osma strokovan\u00e1 Kamilou Krpcovou skon\u010dila na sedm\u00e9m m\u00edst\u011b.<\/p>\n","protected":false},"excerpt":{"rendered":"<p>Reprezenta\u010dn\u00ed osma strokovan\u00e1 Kamilou Krpcovou skon\u010dila na sedm\u00e9m m\u00edst\u011b.<\/p>\n","protected":false},"author":5,"featured_media":4343,"comment_status":"closed","ping_status":"closed","sticky":false,"template":"","format":"standard","meta":{"footnotes":""},"categories":[5],"tags":[],"_links":{"self":[{"href":"http:\/\/www.vko.cz\/VKOweb\/wp-json\/wp\/v2\/posts\/4342"}],"collection":[{"href":"http:\/\/www.vko.cz\/VKOweb\/wp-json\/wp\/v2\/posts"}],"about":[{"href":"http:\/\/www.vko.cz\/VKOweb\/wp-json\/wp\/v2\/types\/post"}],"author":[{"embeddable":true,"href":"http:\/\/www.vko.cz\/VKOweb\/wp-json\/wp\/v2\/users\/5"}],"replies":[{"embeddable":true,"href":"http:\/\/www.vko.cz\/VKOweb\/wp-json\/wp\/v2\/comments?post=4342"}],"version-history":[{"count":2,"href":"http:\/\/www.vko.cz\/VKOweb\/wp-json\/wp\/v2\/posts\/4342\/revisions"}],"predecessor-version":[{"id":4345,"href":"http:\/\/www.vko.cz\/VKOweb\/wp-json\/wp\/v2\/posts\/4342\/revisions\/4345"}],"wp:featuredmedia":[{"embeddable":true,"href":"http:\/\/www.vko.cz\/VKOweb\/wp-json\/wp\/v2\/media\/4343"}],"wp:attachment":[{"href":"http:\/\/www.vko.cz\/VKOweb\/wp-json\/wp\/v2\/media?parent=4342"}],"wp:term":[{"taxonomy":"category","embeddable":true,"href":"http:\/\/www.vko.cz\/VKOweb\/wp-json\/wp\/v2\/categories?post=4342"},{"taxonomy":"post_tag","embeddable":true,"href":"http:\/\/www.vko.cz\/VKOweb\/wp-json\/wp\/v2\/tags?post=4342"}],"curies":[{"name":"wp","href":"https:\/\/api.w.org\/{rel}","templated":true}]}}