{"id":408,"date":"2010-09-13T00:57:01","date_gmt":"2010-09-13T06:57:01","guid":{"rendered":"http:\/\/www.vko.cz\/VKOweb\/?p=408"},"modified":"2010-09-13T00:57:01","modified_gmt":"2010-09-13T06:57:01","slug":"brandys-nad-labem-2010","status":"publish","type":"post","link":"http:\/\/www.vko.cz\/VKOweb\/brandys-nad-labem-2010\/","title":{"rendered":"Brand\u00fds nad Labem 2010"},"content":{"rendered":"<p>O v\u00edkendu jsme op\u011bt z\u00e1vodili na Labi. Na v\u00edt\u011bzstv\u00ed dos\u00e1hli op\u011bt Jirka s Romanem na osm\u011b. Do sv\u00e9ho prvn\u00edho z\u00e1vodu odstartoval Marek Richter. Z\u00e1vodem ho vedla jeho sestra Nikola <a href=\"http:\/\/vko1883.rajce.idnes.cz\/Brandys_2010\/\">http:\/\/vko1883.rajce.idnes.cz\/Brandys_2010\/<\/a><\/p>\n","protected":false},"excerpt":{"rendered":"<p>O v\u00edkendu jsme op\u011bt z\u00e1vodili na Labi. Na v\u00edt\u011bzstv\u00ed dos\u00e1hli op\u011bt Jirka s Romanem na osm\u011b. Do sv\u00e9ho prvn\u00edho z\u00e1vodu odstartoval Marek Richter. Z\u00e1vodem ho vedla jeho sestra Nikola http:\/\/vko1883.rajce.idnes.cz\/Brandys_2010\/<\/p>\n","protected":false},"author":5,"featured_media":0,"comment_status":"open","ping_status":"closed","sticky":false,"template":"","format":"standard","meta":{"footnotes":""},"categories":[5],"tags":[],"_links":{"self":[{"href":"http:\/\/www.vko.cz\/VKOweb\/wp-json\/wp\/v2\/posts\/408"}],"collection":[{"href":"http:\/\/www.vko.cz\/VKOweb\/wp-json\/wp\/v2\/posts"}],"about":[{"href":"http:\/\/www.vko.cz\/VKOweb\/wp-json\/wp\/v2\/types\/post"}],"author":[{"embeddable":true,"href":"http:\/\/www.vko.cz\/VKOweb\/wp-json\/wp\/v2\/users\/5"}],"replies":[{"embeddable":true,"href":"http:\/\/www.vko.cz\/VKOweb\/wp-json\/wp\/v2\/comments?post=408"}],"version-history":[{"count":1,"href":"http:\/\/www.vko.cz\/VKOweb\/wp-json\/wp\/v2\/posts\/408\/revisions"}],"predecessor-version":[{"id":409,"href":"http:\/\/www.vko.cz\/VKOweb\/wp-json\/wp\/v2\/posts\/408\/revisions\/409"}],"wp:attachment":[{"href":"http:\/\/www.vko.cz\/VKOweb\/wp-json\/wp\/v2\/media?parent=408"}],"wp:term":[{"taxonomy":"category","embeddable":true,"href":"http:\/\/www.vko.cz\/VKOweb\/wp-json\/wp\/v2\/categories?post=408"},{"taxonomy":"post_tag","embeddable":true,"href":"http:\/\/www.vko.cz\/VKOweb\/wp-json\/wp\/v2\/tags?post=408"}],"curies":[{"name":"wp","href":"https:\/\/api.w.org\/{rel}","templated":true}]}}