{"id":400,"date":"2010-08-18T03:47:09","date_gmt":"2010-08-18T09:47:09","guid":{"rendered":"http:\/\/www.vko.cz\/VKOweb\/?p=400"},"modified":"2010-08-30T01:37:07","modified_gmt":"2010-08-30T07:37:07","slug":"soustredeni-v-treboni","status":"publish","type":"post","link":"http:\/\/www.vko.cz\/VKOweb\/soustredeni-v-treboni\/","title":{"rendered":"Soust\u0159ed\u011bn\u00ed v T\u0159eboni"},"content":{"rendered":"<p>\u00a0V p\u00e1tek jsme se vr\u00e1tili se soust\u0159ed\u011bn\u00ed\u00a0 a z\u00e1vod\u016f z T\u0159ebon\u011b. Na z\u00e1vodech zv\u00edt\u011bzili Tom\u00e1\u0161 a Pavel Jar\u00fd na 2x\u017ecim. Foto zde <a href=\"http:\/\/vko1883.rajce.idnes.cz\/Trebon_2010\/\">\u00a0http:\/\/vko1883.rajce.idnes.cz\/Trebon_2010\/<\/a>#<\/p>\n","protected":false},"excerpt":{"rendered":"<p>\u00a0V p\u00e1tek jsme se vr\u00e1tili se soust\u0159ed\u011bn\u00ed\u00a0 a z\u00e1vod\u016f z T\u0159ebon\u011b. Na z\u00e1vodech zv\u00edt\u011bzili Tom\u00e1\u0161 a Pavel Jar\u00fd na 2x\u017ecim. Foto zde \u00a0http:\/\/vko1883.rajce.idnes.cz\/Trebon_2010\/#<\/p>\n","protected":false},"author":5,"featured_media":0,"comment_status":"open","ping_status":"closed","sticky":false,"template":"","format":"standard","meta":{"footnotes":""},"categories":[5],"tags":[],"_links":{"self":[{"href":"http:\/\/www.vko.cz\/VKOweb\/wp-json\/wp\/v2\/posts\/400"}],"collection":[{"href":"http:\/\/www.vko.cz\/VKOweb\/wp-json\/wp\/v2\/posts"}],"about":[{"href":"http:\/\/www.vko.cz\/VKOweb\/wp-json\/wp\/v2\/types\/post"}],"author":[{"embeddable":true,"href":"http:\/\/www.vko.cz\/VKOweb\/wp-json\/wp\/v2\/users\/5"}],"replies":[{"embeddable":true,"href":"http:\/\/www.vko.cz\/VKOweb\/wp-json\/wp\/v2\/comments?post=400"}],"version-history":[{"count":3,"href":"http:\/\/www.vko.cz\/VKOweb\/wp-json\/wp\/v2\/posts\/400\/revisions"}],"predecessor-version":[{"id":402,"href":"http:\/\/www.vko.cz\/VKOweb\/wp-json\/wp\/v2\/posts\/400\/revisions\/402"}],"wp:attachment":[{"href":"http:\/\/www.vko.cz\/VKOweb\/wp-json\/wp\/v2\/media?parent=400"}],"wp:term":[{"taxonomy":"category","embeddable":true,"href":"http:\/\/www.vko.cz\/VKOweb\/wp-json\/wp\/v2\/categories?post=400"},{"taxonomy":"post_tag","embeddable":true,"href":"http:\/\/www.vko.cz\/VKOweb\/wp-json\/wp\/v2\/tags?post=400"}],"curies":[{"name":"wp","href":"https:\/\/api.w.org\/{rel}","templated":true}]}}