{"id":333,"date":"2010-06-21T06:51:52","date_gmt":"2010-06-21T12:51:52","guid":{"rendered":"http:\/\/www.vko.cz\/VKOweb\/?p=333"},"modified":"2010-06-29T06:51:14","modified_gmt":"2010-06-29T12:51:14","slug":"mistrovstvi-cr-2010","status":"publish","type":"post","link":"http:\/\/www.vko.cz\/VKOweb\/mistrovstvi-cr-2010\/","title":{"rendered":"Mistrovstv\u00ed \u010cR 2010"},"content":{"rendered":"<p>Prvn\u00ed \u010d\u00e1st sez\u00f3ny jsme zakon\u010dili Mistrovstv\u00edm republiky. P\u0159es rozj\u00ed\u017edky a semifin\u00e1le se do ned\u011bln\u00edch boj\u016f o medaile probojovalo p\u011bt lod\u00ed. Ve fin\u00e1le B nejv\u00edce z\u00e1\u0159ila Eli\u0161ka Jel\u00ednkov\u00e1,kter\u00e1 1x\u017ekys vyhr\u00e1la a na 2x\u017ekys s Mi\u0161ou Svobodovou tak\u00e9 vyhr\u00e1ly. \u017da\u010dky mlad\u0161\u00ed pod veden\u00edm Mark\u00e9ty se lep\u0161ily z\u00e1vod od z\u00e1vodu na 2x si dojely pro 6.m\u00edsto v mal\u00e9m fin\u00e1le a na 4x+,kterou kormidlovala sama tren\u00e9rka doveslovaly pro celkov\u011b 8.m\u00edsto.\u00a0\u00a0\u00a02-dci\u00a0Roman Vurbs a Jirka Hetzl\u00a0 \u00a06.m\u00edsto&#8230;&#8230;4-dci spole\u010denstv\u00ed se Slavii Praha\u00a0 \u00a05.m\u00edsto&#8230;&#8230;8+dci kde se p\u0159idali je\u0161t\u011b dorostenci z Blesku&#8230;&#8230;3.M\u00cdSTO(ze b\u0159ehu moc p\u011bknej z\u00e1vod). Hned\u00a0 v prvn\u00edm z\u00e1vod\u011b z\u00edskaly na\u0161e dorostenky M\u00ed\u0161a Pek\u00e1rkov\u00e1\u00a0a B\u00e1ra Urbanov\u00e1 st\u0159\u00edbrn\u00e9\u00a0 medaile.\u00a0 Sv\u011b\u0159enci Marcely se utkali ve fin\u00e1le nejmen\u0161\u00edch skifa\u0159\u016f. Po dramatick\u00e9m boji zbyla na Elvise(David \u0160vob)bramborov\u00e1 medaile,ale kdo m\u016f\u017ee \u0159\u00edci,\u017ee byl \u010dtvrt\u00fd na mistrovstv\u00fd republiky. 3.M\u00cdSTO vybojoval \u0160od\u00e1nek(Petr Bl\u00e1ha)\u00a0v\u0161em z\u00e1vodn\u00edk\u016fm jm\u00e9nem v\u00fdboru GRATULUJI a tren\u00e9rk\u00e1m MaM\u00a0d\u011bkuji za b\u00e1je\u010dnou spolupr\u00e1ci\u00a0\u00a0a ob\u011btavou pr\u00e1ci s na\u0161\u00ed ml\u00e1de\u017e\u00ed. v\u00fdsledky zde\u00a0<a href=\"http:\/\/www.ceskeveslovani.cz\/vysledky-zavodu0\">http:\/\/www.ceskeveslovani.cz\/vysledky-zavodu0<\/a>\u00a0\u00a0 fotky zde<a href=\"http:\/\/vko1883.rajce.idnes.cz\/Mistrovstvi_republiky_dorostu_a_zactva_2010\/\">http:\/\/vko1883.rajce.idnes.cz\/Mistrovstvi_republiky_dorostu_a_zactva_2010\/<\/a>\u00a0profi fotky ze soboty na f\u00f3ru taky d\u011bkuji \ud83d\ude42<\/p>\n","protected":false},"excerpt":{"rendered":"<p>Prvn\u00ed \u010d\u00e1st sez\u00f3ny jsme zakon\u010dili Mistrovstv\u00edm republiky. P\u0159es rozj\u00ed\u017edky a semifin\u00e1le se do ned\u011bln\u00edch boj\u016f o medaile probojovalo p\u011bt lod\u00ed. Ve fin\u00e1le B nejv\u00edce z\u00e1\u0159ila Eli\u0161ka Jel\u00ednkov\u00e1,kter\u00e1 1x\u017ekys vyhr\u00e1la a na 2x\u017ekys s Mi\u0161ou Svobodovou<a class=\"read-more\" href=\"http:\/\/www.vko.cz\/VKOweb\/mistrovstvi-cr-2010\/\">\u010d\u00edst d\u00e1le..<\/a><\/p>\n","protected":false},"author":5,"featured_media":0,"comment_status":"open","ping_status":"closed","sticky":false,"template":"","format":"standard","meta":{"footnotes":""},"categories":[5],"tags":[],"_links":{"self":[{"href":"http:\/\/www.vko.cz\/VKOweb\/wp-json\/wp\/v2\/posts\/333"}],"collection":[{"href":"http:\/\/www.vko.cz\/VKOweb\/wp-json\/wp\/v2\/posts"}],"about":[{"href":"http:\/\/www.vko.cz\/VKOweb\/wp-json\/wp\/v2\/types\/post"}],"author":[{"embeddable":true,"href":"http:\/\/www.vko.cz\/VKOweb\/wp-json\/wp\/v2\/users\/5"}],"replies":[{"embeddable":true,"href":"http:\/\/www.vko.cz\/VKOweb\/wp-json\/wp\/v2\/comments?post=333"}],"version-history":[{"count":11,"href":"http:\/\/www.vko.cz\/VKOweb\/wp-json\/wp\/v2\/posts\/333\/revisions"}],"predecessor-version":[{"id":344,"href":"http:\/\/www.vko.cz\/VKOweb\/wp-json\/wp\/v2\/posts\/333\/revisions\/344"}],"wp:attachment":[{"href":"http:\/\/www.vko.cz\/VKOweb\/wp-json\/wp\/v2\/media?parent=333"}],"wp:term":[{"taxonomy":"category","embeddable":true,"href":"http:\/\/www.vko.cz\/VKOweb\/wp-json\/wp\/v2\/categories?post=333"},{"taxonomy":"post_tag","embeddable":true,"href":"http:\/\/www.vko.cz\/VKOweb\/wp-json\/wp\/v2\/tags?post=333"}],"curies":[{"name":"wp","href":"https:\/\/api.w.org\/{rel}","templated":true}]}}