{"id":301,"date":"2010-05-24T00:23:08","date_gmt":"2010-05-24T06:23:08","guid":{"rendered":"http:\/\/www.vko.cz\/VKOweb\/?p=301"},"modified":"2010-05-24T23:43:22","modified_gmt":"2010-05-25T05:43:22","slug":"mezinarodni-brnenska-regata","status":"publish","type":"post","link":"http:\/\/www.vko.cz\/VKOweb\/mezinarodni-brnenska-regata\/","title":{"rendered":"Mezin\u00e1rodn\u00ed Brn\u011bnsk\u00e1 regata"},"content":{"rendered":"<p>22. a 23.kv\u011btna\u00a0p\u0159ijeli do Brna nejlep\u0161\u00ed vesla\u0159i okoln\u00edch st\u00e1t\u016f. V konkurenci 11 dorosteneck\u00fdch dvojek se na\u0161i z\u00e1stupci Roman Vurbs\u00a0a\u00a0Jirka\u00a0 Hetzl um\u00edstili na kr\u00e1sn\u00e9m 5.m\u00edst\u011b. Filip \u010cern\u00fd na juniorsk\u00e9 osm\u011b dojel ve spole\u010denstv\u00ed s Boh.,Lok. Ber. a JHr. rovn\u011b\u017e na 5.m\u00edst\u011b. <a href=\"http:\/\/www.ceskeveslovani.cz\/rumunske-posadky-kralovaly-v-brne\">http:\/\/www.ceskeveslovani.cz\/rumunske-posadky-kralovaly-v-brne<\/a>\u00a0 \u00a0fotky\u00a0z regaty a oh\u0148ostroje <a href=\"http:\/\/vko1883.rajce.idnes.cz\/MR_Brno_2010\/\">http:\/\/vko1883.rajce.idnes.cz\/MR_Brno_2010\/<\/a><\/p>\n","protected":false},"excerpt":{"rendered":"<p>22. a 23.kv\u011btna\u00a0p\u0159ijeli do Brna nejlep\u0161\u00ed vesla\u0159i okoln\u00edch st\u00e1t\u016f. V konkurenci 11 dorosteneck\u00fdch dvojek se na\u0161i z\u00e1stupci Roman Vurbs\u00a0a\u00a0Jirka\u00a0 Hetzl um\u00edstili na kr\u00e1sn\u00e9m 5.m\u00edst\u011b. Filip \u010cern\u00fd na juniorsk\u00e9 osm\u011b dojel ve spole\u010denstv\u00ed s Boh.,Lok. Ber.<a class=\"read-more\" href=\"http:\/\/www.vko.cz\/VKOweb\/mezinarodni-brnenska-regata\/\">\u010d\u00edst d\u00e1le..<\/a><\/p>\n","protected":false},"author":5,"featured_media":0,"comment_status":"open","ping_status":"open","sticky":false,"template":"","format":"standard","meta":{"footnotes":""},"categories":[5],"tags":[],"_links":{"self":[{"href":"http:\/\/www.vko.cz\/VKOweb\/wp-json\/wp\/v2\/posts\/301"}],"collection":[{"href":"http:\/\/www.vko.cz\/VKOweb\/wp-json\/wp\/v2\/posts"}],"about":[{"href":"http:\/\/www.vko.cz\/VKOweb\/wp-json\/wp\/v2\/types\/post"}],"author":[{"embeddable":true,"href":"http:\/\/www.vko.cz\/VKOweb\/wp-json\/wp\/v2\/users\/5"}],"replies":[{"embeddable":true,"href":"http:\/\/www.vko.cz\/VKOweb\/wp-json\/wp\/v2\/comments?post=301"}],"version-history":[{"count":4,"href":"http:\/\/www.vko.cz\/VKOweb\/wp-json\/wp\/v2\/posts\/301\/revisions"}],"predecessor-version":[{"id":303,"href":"http:\/\/www.vko.cz\/VKOweb\/wp-json\/wp\/v2\/posts\/301\/revisions\/303"}],"wp:attachment":[{"href":"http:\/\/www.vko.cz\/VKOweb\/wp-json\/wp\/v2\/media?parent=301"}],"wp:term":[{"taxonomy":"category","embeddable":true,"href":"http:\/\/www.vko.cz\/VKOweb\/wp-json\/wp\/v2\/categories?post=301"},{"taxonomy":"post_tag","embeddable":true,"href":"http:\/\/www.vko.cz\/VKOweb\/wp-json\/wp\/v2\/tags?post=301"}],"curies":[{"name":"wp","href":"https:\/\/api.w.org\/{rel}","templated":true}]}}