{"id":289,"date":"2010-05-16T02:32:51","date_gmt":"2010-05-16T08:32:51","guid":{"rendered":"http:\/\/www.vko.cz\/VKOweb\/?p=289"},"modified":"2010-05-18T03:58:27","modified_gmt":"2010-05-18T09:58:27","slug":"regata-blesku-15-5-2010","status":"publish","type":"post","link":"http:\/\/www.vko.cz\/VKOweb\/regata-blesku-15-5-2010\/","title":{"rendered":"Regata Blesku 15.5.2010"},"content":{"rendered":"<p>V Praze jsme m\u011bli na startu sedm nov\u00e1\u010dk\u016f kte\u0159\u00ed za\u010dli tr\u00e9novat pod veden\u00edm Marcely \u0160terclov\u00e9.\u00a0V prvn\u00edm z\u00e1vod\u011b na 4x+ \u017ecim se povedlo pos\u00e1dce P.Bl\u00e1ha,J.Le\u0161ko,P.Jar\u00fd,T.Jar\u00fd korm.J.Knofl\u00ed\u010dek zv\u00edt\u011bzit. Dal\u0161\u00ed v\u00edt\u011bzn\u00fd z\u00e1vod p\u0159edvedla 2-dci R.Vurbs,J.Hetzl. Ostatn\u00ed v\u00fdsledky z\u00e1vod\u016f \u00a0jsou zde <a href=\"http:\/\/www.ceskeveslovani.cz\/regata-blesku-akademicke-mistrovstvi-cr-2011\">http:\/\/www.ceskeveslovani.cz\/regata-blesku-akademicke-mistrovstvi-cr-2011<\/a>\u00a0a p\u0159id\u00e1v\u00e1m odkaz na fotky<a href=\"http:\/\/vko1883.rajce.idnes.cz\/Blesk_2010\/\">http:\/\/vko1883.rajce.idnes.cz\/Blesk_2010\/<\/a><\/p>\n","protected":false},"excerpt":{"rendered":"<p>V Praze jsme m\u011bli na startu sedm nov\u00e1\u010dk\u016f kte\u0159\u00ed za\u010dli tr\u00e9novat pod veden\u00edm Marcely \u0160terclov\u00e9.\u00a0V prvn\u00edm z\u00e1vod\u011b na 4x+ \u017ecim se povedlo pos\u00e1dce P.Bl\u00e1ha,J.Le\u0161ko,P.Jar\u00fd,T.Jar\u00fd korm.J.Knofl\u00ed\u010dek zv\u00edt\u011bzit. Dal\u0161\u00ed v\u00edt\u011bzn\u00fd z\u00e1vod p\u0159edvedla 2-dci R.Vurbs,J.Hetzl. Ostatn\u00ed v\u00fdsledky z\u00e1vod\u016f<a class=\"read-more\" href=\"http:\/\/www.vko.cz\/VKOweb\/regata-blesku-15-5-2010\/\">\u010d\u00edst d\u00e1le..<\/a><\/p>\n","protected":false},"author":5,"featured_media":0,"comment_status":"open","ping_status":"open","sticky":false,"template":"","format":"standard","meta":{"footnotes":""},"categories":[5],"tags":[],"_links":{"self":[{"href":"http:\/\/www.vko.cz\/VKOweb\/wp-json\/wp\/v2\/posts\/289"}],"collection":[{"href":"http:\/\/www.vko.cz\/VKOweb\/wp-json\/wp\/v2\/posts"}],"about":[{"href":"http:\/\/www.vko.cz\/VKOweb\/wp-json\/wp\/v2\/types\/post"}],"author":[{"embeddable":true,"href":"http:\/\/www.vko.cz\/VKOweb\/wp-json\/wp\/v2\/users\/5"}],"replies":[{"embeddable":true,"href":"http:\/\/www.vko.cz\/VKOweb\/wp-json\/wp\/v2\/comments?post=289"}],"version-history":[{"count":5,"href":"http:\/\/www.vko.cz\/VKOweb\/wp-json\/wp\/v2\/posts\/289\/revisions"}],"predecessor-version":[{"id":294,"href":"http:\/\/www.vko.cz\/VKOweb\/wp-json\/wp\/v2\/posts\/289\/revisions\/294"}],"wp:attachment":[{"href":"http:\/\/www.vko.cz\/VKOweb\/wp-json\/wp\/v2\/media?parent=289"}],"wp:term":[{"taxonomy":"category","embeddable":true,"href":"http:\/\/www.vko.cz\/VKOweb\/wp-json\/wp\/v2\/categories?post=289"},{"taxonomy":"post_tag","embeddable":true,"href":"http:\/\/www.vko.cz\/VKOweb\/wp-json\/wp\/v2\/tags?post=289"}],"curies":[{"name":"wp","href":"https:\/\/api.w.org\/{rel}","templated":true}]}}